{"id":12413,"date":"2021-05-17T21:33:46","date_gmt":"2021-05-17T21:33:46","guid":{"rendered":"https:\/\/morenoprimero.com.ar\/?p=12413"},"modified":"2021-05-18T19:49:17","modified_gmt":"2021-05-18T19:49:17","slug":"preocupacion-por-las-elecciones-en-la-unm-no-reconocen-a-la-lista-opositora","status":"publish","type":"post","link":"https:\/\/morenoprimero.com.ar\/archivo\/preocupacion-por-las-elecciones-en-la-unm-no-reconocen-a-la-lista-opositora\/","title":{"rendered":"Preocupaci\u00f3n por las elecciones en la UNM: no reconocen a la lista opositora"},"content":{"rendered":"\n<p>Este mes se celebra la sexta <a href=\"http:\/\/www.unm.edu.ar\/index.php\/destacados\/1397-la-unm-lanzo-su-6-proceso-eleccionario-para-la-conformacion-del-3-gobierno-universitario\" target=\"_blank\" rel=\"noreferrer noopener\">elecci\u00f3n en la UNM<\/a>, en la que se eligen representantes de los claustros docente, estudiantil y nodocente, quienes luego votar\u00e1n las nuevas autoridades para el rectorado y vicerrectorado por un nuevo per\u00edodo de Gobierno Universitario.<\/p>\n\n\n\n<p>Este a\u00f1o, <a href=\"https:\/\/morenoprimero.com.ar\/despues-de-11-anos-se-presenta-una-lista-opositora-en-la-universidad-nacional-de-moreno\/\" target=\"_blank\" rel=\"noreferrer noopener\">se presenta una lista opositora despu\u00e9s de once a\u00f1os<\/a>. La <a href=\"https:\/\/www.instagram.com\/p\/COfx7k0A7ps\/?igshid=8al8k9v8tfoo\" target=\"_blank\" rel=\"noreferrer noopener\">UNM en Movimiento<\/a> es una organizaci\u00f3n de docentes que se unieron para profundizar el debate democr\u00e1tico en la Instituci\u00f3n y presentan la primera lista docente opositora en once a\u00f1os.<\/p>\n\n\n\n<p>Sin embargo, las autoridades electorales reconocieron \u00fanicamente a las listas oficialistas que, un dato que no es menor, apoyan un cuarto mandato consecutivo del actual rector en cada uno de los respectivos estamentos. Impugnando as\u00ed a la lista opositora que pone en discusi\u00f3n la reelecci\u00f3n en rectorado.&nbsp;<\/p>\n\n\n\n<p>En un <a href=\"https:\/\/www.instagram.com\/p\/COxmwE4NE7y\/?utm_source=ig_web_copy_link\" target=\"_blank\" rel=\"noreferrer noopener\">comunicado de UNM En Movimiento<\/a> expresan que \u201cLas impugnaciones recibidas por parte de nuestra Lista hac\u00edan previsible esta situaci\u00f3n. Las observaciones realizadas por la Junta Electoral a nuestra Lista tuvieron, literalmente, los mismos fundamentos de las impugnaciones presentadas por la Lista oficial el d\u00eda 6 de mayo.\u201d<\/p>\n\n\n\n<p>Dichas observaciones sostienen que la Lista n\u00b02 (UNM En Movimiento) no cumple con la paridad de g\u00e9nero por estar compuesta mayoritariamente por mujeres. Cabe destacar que las pol\u00edticas de paridad de g\u00e9nero buscan proteger e incluir a las identidades que hist\u00f3ricamente han sido marginadas por su g\u00e9nero y\/o sexualidad. Las mujeres siempre han sido excluidas de los lugares de representaci\u00f3n, priorizando el lugar de los hombres en espacios de poder. Es por eso que el movimiento feminista lucha por la paridad de g\u00e9nero, en pos de que las mujeres y disidencias tengan m\u00e1s visibilidad y oportunidades en sus trabajos.&nbsp;<\/p>\n\n\n\n<p>Por lo tanto, es una contradicci\u00f3n en s\u00ed misma que las autoridades electorales exijan reducir la participaci\u00f3n de mujeres en una lista por su numerosa participaci\u00f3n.&nbsp;&nbsp;<\/p>\n\n\n\n<p>\u201cLa lista fue avalada con la participaci\u00f3n de 50 docentes, entre candidatos y candidatas y avalistas de todos los departamentos de la Universidad. El total del padr\u00f3n oficial es de 306 docentes. A las autoridades electorales les parece poco representativa esta presentaci\u00f3n ya que no respeta una antojadiza proporci\u00f3n por carrera que no figura en ning\u00fan art\u00edculo del reglamento electoral.\u201d afirma el comunicado de dicha organizaci\u00f3n.&nbsp;&nbsp;<\/p>\n\n\n\n<p>Es una situaci\u00f3n sumamente preocupante en la pol\u00edtica universitaria, porque no reconoce otras expresiones tanto acad\u00e9micas como pol\u00edticas. Esta decisi\u00f3n atenta contra la democracia y la pluralidad de voces en la casa acad\u00e9mica. \u201cPareciera que hemos vuelto a una instituci\u00f3n previa a la reforma universitaria.\u201d contin\u00faa el comunicado firmado por docentes, estudiantes y graduados de la Universidad Nacional de Moreno. <\/p>\n","protected":false},"excerpt":{"rendered":"<p>Este mes se celebra la sexta elecci\u00f3n en la UNM, en la que se eligen representantes de los claustros docente, estudiantil y nodocente, quienes luego votar\u00e1n las nuevas autoridades para el rectorado y vicerrectorado por un nuevo per\u00edodo de Gobierno &hellip; <a href=\"https:\/\/morenoprimero.com.ar\/archivo\/preocupacion-por-las-elecciones-en-la-unm-no-reconocen-a-la-lista-opositora\/\">Sigue leyendo <span class=\"meta-nav\">&rarr;<\/span><\/a><\/p>\n","protected":false},"author":6,"featured_media":12414,"comment_status":"closed","ping_status":"closed","sticky":false,"template":"","format":"standard","meta":{"footnotes":""},"categories":[21,27],"tags":[1573,916,2336,2348,607,84,2245],"class_list":["post-12413","post","type-post","status-publish","format-standard","has-post-thumbnail","hentry","category-interes-general","category-politica","tag-docentes","tag-elecciones","tag-estudiantes","tag-graduados","tag-universidad-nacional-de-moreno","tag-unm","tag-unm-en-movimiento"],"_links":{"self":[{"href":"https:\/\/morenoprimero.com.ar\/archivo\/wp-json\/wp\/v2\/posts\/12413","targetHints":{"allow":["GET"]}}],"collection":[{"href":"https:\/\/morenoprimero.com.ar\/archivo\/wp-json\/wp\/v2\/posts"}],"about":[{"href":"https:\/\/morenoprimero.com.ar\/archivo\/wp-json\/wp\/v2\/types\/post"}],"author":[{"embeddable":true,"href":"https:\/\/morenoprimero.com.ar\/archivo\/wp-json\/wp\/v2\/users\/6"}],"replies":[{"embeddable":true,"href":"https:\/\/morenoprimero.com.ar\/archivo\/wp-json\/wp\/v2\/comments?post=12413"}],"version-history":[{"count":1,"href":"https:\/\/morenoprimero.com.ar\/archivo\/wp-json\/wp\/v2\/posts\/12413\/revisions"}],"predecessor-version":[{"id":12415,"href":"https:\/\/morenoprimero.com.ar\/archivo\/wp-json\/wp\/v2\/posts\/12413\/revisions\/12415"}],"wp:featuredmedia":[{"embeddable":true,"href":"https:\/\/morenoprimero.com.ar\/archivo\/wp-json\/wp\/v2\/media\/12414"}],"wp:attachment":[{"href":"https:\/\/morenoprimero.com.ar\/archivo\/wp-json\/wp\/v2\/media?parent=12413"}],"wp:term":[{"taxonomy":"category","embeddable":true,"href":"https:\/\/morenoprimero.com.ar\/archivo\/wp-json\/wp\/v2\/categories?post=12413"},{"taxonomy":"post_tag","embeddable":true,"href":"https:\/\/morenoprimero.com.ar\/archivo\/wp-json\/wp\/v2\/tags?post=12413"}],"curies":[{"name":"wp","href":"https:\/\/api.w.org\/{rel}","templated":true}]}}