{"id":12410,"date":"2021-05-17T20:00:35","date_gmt":"2021-05-17T20:00:35","guid":{"rendered":"https:\/\/morenoprimero.com.ar\/?p=12410"},"modified":"2021-05-17T20:00:36","modified_gmt":"2021-05-17T20:00:36","slug":"se-presento-el-programa-difusoras-populares-para-potenciar-la-comunicacion-institucional","status":"publish","type":"post","link":"https:\/\/morenoprimero.com.ar\/archivo\/se-presento-el-programa-difusoras-populares-para-potenciar-la-comunicacion-institucional\/","title":{"rendered":"Se present\u00f3 el programa Difusoras Populares para potenciar la comunicaci\u00f3n institucional"},"content":{"rendered":"\n<p>La ministra de <strong>Mujeres, Pol\u00edticas de G\u00e9nero y Diversidad Sexual<\/strong> de la provincia de Buenos Aires <strong>Estela<\/strong><strong> D\u00edaz<\/strong> present\u00f3 el programa \u201c<strong>Difusoras Populares<\/strong>\u201d junto a la directora provincial de <strong>Planificaci\u00f3n y Gesti\u00f3n Comunicacional<\/strong> <strong>Luc\u00eda Garc\u00eda Itzigsohn<\/strong>.<\/p>\n\n\n\n<p><strong>El objetivo del programa es potenciar la comunicaci\u00f3n institucional del Ministerio y generar circuitos de cercan\u00eda para la divulgaci\u00f3n de la informaci\u00f3n institucional en toda la provincia de Buenos Aires.<\/strong><\/p>\n\n\n\n<p>\u201cEl programa Difusoras Populares invita a que nos sintamos todas protagonistas del proceso de la comunicaci\u00f3n. Eso es lo que cambia la idea de comunicaci\u00f3n hegem\u00f3nica. <strong>Cada una de ustedes puede ser protagonista de este proceso y de estos nodos de comunicaci\u00f3n popular contando una gesti\u00f3n que tiene un desaf\u00edo permanente en nuestro horizonte de construcci\u00f3n de cercan\u00eda<\/strong>\u201d se\u00f1al\u00f3 Estela D\u00edaz durante la presentaci\u00f3n del programa.<\/p>\n\n\n\n<p>La Ministra invit\u00f3 a las y los participantes a que se sumen a la utilizaci\u00f3n de esta nueva herramienta que <strong>tiene como principal objetivo \u201cescuchar y que sean escuchados los temas que hacen a las principales necesidades de cada una y cada uno de nosotros.<\/strong> Es una herramienta en construcci\u00f3n y la iremos construyendo colectivamente\u201d. \u201cDifusoras Populares\u201d <strong>es una estrategia de comunicaci\u00f3n que busca acercar el Estado a las y los habitantes de la provincia, priorizando aquella informaci\u00f3n vinculada a las pol\u00edticas p\u00fablicas concretas que impactan sobre las mujeres y LGTBI+ en el territorio bonaerense.<\/strong><\/p>\n\n\n\n<p>En esta l\u00ednea, la directora Provincial de Planificaci\u00f3n y Gesti\u00f3n Comunicacional, <strong>Luc\u00eda Garc\u00eda Itzigsohn<\/strong>, remarc\u00f3 que: \u201cEsta iniciativa es una herramienta para tomar en nuestras manos y para que todas y todos los bonaerenses sepamos que <strong>hay un Estado que est\u00e1 presente, que quiere ser cercano y que tiene disposici\u00f3n y disponibilidad para escuchar las demandas e ir dando respuestas en un contexto dif\u00edcil de pandemia como el que estamos viviendo<\/strong>\u201d.<\/p>\n\n\n\n<p>A trav\u00e9s del uso de tecnolog\u00eda de alcance popular, como el <strong>WhatsApp<\/strong> y <strong>Telegram<\/strong>, la producci\u00f3n de contenido espec\u00edfico para estos circuitos, ser\u00e1 de car\u00e1cter simple e interactivo. <strong>La red de voceras populares trabajar\u00e1 en articulaci\u00f3n con las coordinadoras regionales del Ministerio<\/strong>, lo que permitir\u00e1 a su vez, hacer una evaluaci\u00f3n m\u00e1s precisa de la recepci\u00f3n y efectividad de las pol\u00edticas implementadas en los territorios.<\/p>\n\n\n\n<p>El programa cuenta con la participaci\u00f3n semanal de la periodista y asesora del Ministerio, <strong>Sandra Russo<\/strong>, quien durante la presentaci\u00f3n felicit\u00f3 a la Ministra y su equipo por la iniciativa, a la que valor\u00f3 como \u201c<strong>una vanguardia de comunicaci\u00f3n y una opci\u00f3n alternativa en un momento donde la comunicaci\u00f3n popular va a tener que hacer punta porque la otra comunicaci\u00f3n, la medi\u00e1tica, est\u00e1 en crisis y pervertida por otros intereses<\/strong>\u201d.<\/p>\n\n\n\n<p>La red de difusoras actuar\u00e1 como <strong>multiplicadora de la informaci\u00f3n y establecer\u00e1 mecanismos de intercambio<\/strong> a partir de articulaciones con referentes institucionales, \u00e1reas de g\u00e9nero municipales, mesas locales movimientos sociales, sindicales, pol\u00edticos, estudiantiles. El env\u00edo ser\u00e1 diario, de lunes a viernes, por la ma\u00f1ana e incluir\u00e1 la difusi\u00f3n de pol\u00edticas p\u00fablicas y servicios provinciales; y una vez a la semana un texto con perspectiva pol\u00edtica y una recomendaci\u00f3n cultural.<\/p>\n\n\n\n<p><strong>La convocatoria para integrar la red de Difusoras Populares es abierta a todas las personas interesadas.<\/strong><\/p>\n\n\n\n<p>El programa propone, para quienes tengan inter\u00e9s, una <strong>capacitaci\u00f3n en herramientas comunicacionales de redacci\u00f3n, registro audiovisual, sonoro y fotogr\u00e1fico, redes sociales, recursos y herramientas digitales, y estrategias de asesoramiento directo y efectivo ante consultas.<\/strong><\/p>\n\n\n\n<p>Las integrantes del equipo de Comunicaci\u00f3n <strong>Victoria Calabrese<\/strong> y<strong> Jazm\u00edn Soria<\/strong> realizaron un recorrido por <a rel=\"noreferrer noopener\" href=\"http:\/\/www.gba.gob.ar\/mujeres\" target=\"_blank\">la p\u00e1gina web del Ministerio<\/a> y aportaron una gu\u00eda para la<a rel=\"noreferrer noopener\" href=\"https:\/\/docs.google.com\/forms\/d\/e\/1FAIpQLSdU6iyCSpnznF-Uo-8KcZKgKhd4dpU-Yn8Vrf5GPZ9RczflFA\/viewform\" target=\"_blank\"> inscripci\u00f3n a las capacitaciones<\/a>, que consisten en cuatro encuentros virtuales.<\/p>\n\n\n\n<p>Para suscribirse y recibir diariamente el env\u00edo de Difusoras Populares deber\u00e1n agendar el contacto de whatsapp +54 9 221 319 9519 y enviar un mensaje o unirse al canal de Telegram <strong>@difusoraspopulares<\/strong>. Adem\u00e1s, podr\u00e1n inscribirse a trav\u00e9s del correo electr\u00f3nico difusoraspopulates@ministeriodelasmujeres.gba.gob.ar<\/p>\n\n\n\n<p>Participaron de la presentaci\u00f3n la directora de Equidad Laboral, Formaci\u00f3n para el Trabajo y Pol\u00edticas de <strong>Cuidados Claudia Lazzaro<\/strong>, la directora de Comunicaci\u00f3n y Dise\u00f1o Gr\u00e1fico, Audiovisual y Digital <strong>Soraya Polonara<\/strong>, la directora de Prensa, Comunicaci\u00f3n Institucional y Ceremonial <strong>Yesica Virginio<\/strong> y las coordinadoras y representantes del Ministerio en las ocho regiones de la Provincia.<\/p>\n\n\n\n<p>Para m\u00e1s informaci\u00f3n sobre el programa y las capacitaciones se puede visitar la p\u00e1gina web: <a href=\"https:\/\/www.gba.gob.ar\/mujeres\/difusoras_populares\" target=\"_blank\" rel=\"noreferrer noopener\">https:\/\/www.gba.gob.ar\/mujeres\/difusoras_populares<\/a><\/p>\n","protected":false},"excerpt":{"rendered":"<p>La ministra de Mujeres, Pol\u00edticas de G\u00e9nero y Diversidad Sexual de la provincia de Buenos Aires Estela D\u00edaz present\u00f3 el programa \u201cDifusoras Populares\u201d junto a la directora provincial de Planificaci\u00f3n y Gesti\u00f3n Comunicacional Luc\u00eda Garc\u00eda Itzigsohn. El objetivo del programa &hellip; <a href=\"https:\/\/morenoprimero.com.ar\/archivo\/se-presento-el-programa-difusoras-populares-para-potenciar-la-comunicacion-institucional\/\">Sigue leyendo <span class=\"meta-nav\">&rarr;<\/span><\/a><\/p>\n","protected":false},"author":6,"featured_media":12411,"comment_status":"closed","ping_status":"closed","sticky":false,"template":"","format":"standard","meta":{"footnotes":""},"categories":[2331,27],"tags":[2347,2344,624,2345,2346],"class_list":["post-12410","post","type-post","status-publish","format-standard","has-post-thumbnail","hentry","category-genero","category-politica","tag-difusoras-populares","tag-estela-diaz-2","tag-ministerio-de-mujeres-generos-y-diversidad","tag-planificacion-y-gestion-comunicacional","tag-sandra-russo"],"_links":{"self":[{"href":"https:\/\/morenoprimero.com.ar\/archivo\/wp-json\/wp\/v2\/posts\/12410","targetHints":{"allow":["GET"]}}],"collection":[{"href":"https:\/\/morenoprimero.com.ar\/archivo\/wp-json\/wp\/v2\/posts"}],"about":[{"href":"https:\/\/morenoprimero.com.ar\/archivo\/wp-json\/wp\/v2\/types\/post"}],"author":[{"embeddable":true,"href":"https:\/\/morenoprimero.com.ar\/archivo\/wp-json\/wp\/v2\/users\/6"}],"replies":[{"embeddable":true,"href":"https:\/\/morenoprimero.com.ar\/archivo\/wp-json\/wp\/v2\/comments?post=12410"}],"version-history":[{"count":1,"href":"https:\/\/morenoprimero.com.ar\/archivo\/wp-json\/wp\/v2\/posts\/12410\/revisions"}],"predecessor-version":[{"id":12412,"href":"https:\/\/morenoprimero.com.ar\/archivo\/wp-json\/wp\/v2\/posts\/12410\/revisions\/12412"}],"wp:featuredmedia":[{"embeddable":true,"href":"https:\/\/morenoprimero.com.ar\/archivo\/wp-json\/wp\/v2\/media\/12411"}],"wp:attachment":[{"href":"https:\/\/morenoprimero.com.ar\/archivo\/wp-json\/wp\/v2\/media?parent=12410"}],"wp:term":[{"taxonomy":"category","embeddable":true,"href":"https:\/\/morenoprimero.com.ar\/archivo\/wp-json\/wp\/v2\/categories?post=12410"},{"taxonomy":"post_tag","embeddable":true,"href":"https:\/\/morenoprimero.com.ar\/archivo\/wp-json\/wp\/v2\/tags?post=12410"}],"curies":[{"name":"wp","href":"https:\/\/api.w.org\/{rel}","templated":true}]}}