{"id":12263,"date":"2021-05-14T19:22:13","date_gmt":"2021-05-14T19:22:13","guid":{"rendered":"https:\/\/morenoprimero.com.ar\/?p=12263"},"modified":"2021-05-14T19:23:14","modified_gmt":"2021-05-14T19:23:14","slug":"robaron-500-mil-pesos-y-escaparon-a-los-tiros-estan-detenidos","status":"publish","type":"post","link":"https:\/\/morenoprimero.com.ar\/archivo\/robaron-500-mil-pesos-y-escaparon-a-los-tiros-estan-detenidos\/","title":{"rendered":"Moreno: robaron 500 mil pesos y escaparon a los tiros: est\u00e1n detenidos"},"content":{"rendered":"\n<h4 class=\"wp-block-heading\">Tras una persecuci\u00f3n policial, se detuvo a los 3 delincuentes y se secuestr\u00f3 un arma 9mm, 6 tel\u00e9fonos celulares, los $500.000 robados y un Fiat Siena.&nbsp;<\/h4>\n\n\n\n<p>El pasado jueves 13 de mayo,<strong> la polic\u00eda se enfrent\u00f3 a los tiros con tres delincuentes que hab\u00edan robado en la distribuidora \u201cRyP\u201d<\/strong>, <strong>en la localidad de La Reja.&nbsp;<\/strong><\/p>\n\n\n\n<p>En la zona se encontraban los nuevos m\u00f3viles policiales que persiguieron a los malvivientes y <strong>los tres fueron detenidos en las calles Catamarca y San Cayetano.&nbsp;&nbsp;<\/strong><\/p>\n\n\n\n<p>Se logr\u00f3 secuestrar un arma de fuego calibre 9 mm, 6 tel\u00e9fonos celulares y alrededor de $5000.000 que hab\u00edan robado a la v\u00edctima en el comercio.&nbsp;<\/p>\n\n\n\n<figure class=\"wp-block-image size-large\"><a href=\"https:\/\/morenoprimero.com.ar\/wp-content\/uploads\/2021\/05\/LRR-1.jpeg\"><img loading=\"lazy\" decoding=\"async\" width=\"1024\" height=\"768\" src=\"https:\/\/morenoprimero.com.ar\/wp-content\/uploads\/2021\/05\/LRR-1-1024x768.jpeg\" alt=\"\" class=\"wp-image-12269\" srcset=\"https:\/\/morenoprimero.com.ar\/archivo\/wp-content\/uploads\/2021\/05\/LRR-1-1024x768.jpeg 1024w, https:\/\/morenoprimero.com.ar\/archivo\/wp-content\/uploads\/2021\/05\/LRR-1-300x225.jpeg 300w, https:\/\/morenoprimero.com.ar\/archivo\/wp-content\/uploads\/2021\/05\/LRR-1-768x576.jpeg 768w, https:\/\/morenoprimero.com.ar\/archivo\/wp-content\/uploads\/2021\/05\/LRR-1.jpeg 1280w\" sizes=\"auto, (max-width: 1024px) 100vw, 1024px\" \/><\/a><\/figure>\n\n\n\n<p>Adem\u00e1s,<strong>&nbsp;se secuestr\u00f3 un auto Fiat Siena<\/strong> en el que se transportaban los delincuentes.&nbsp;<\/p>\n\n\n\n<p>En la causa interviene la<strong> UFI N\u00b0 8 <\/strong>del departamento judicial Moreno \u2013 General Rodr\u00edguez.&nbsp;&nbsp;<\/p>\n\n\n\n<figure class=\"wp-block-embed is-type-video is-provider-youtube wp-block-embed-youtube wp-embed-aspect-16-9 wp-has-aspect-ratio\"><div class=\"wp-block-embed__wrapper\">\n<iframe loading=\"lazy\" title=\"Robaron 500 mil pesos y escaparon a los tiros, est\u00e1n detenidos\" width=\"584\" height=\"329\" src=\"https:\/\/www.youtube.com\/embed\/FIO85sMH2d4?feature=oembed\" frameborder=\"0\" allow=\"accelerometer; autoplay; clipboard-write; encrypted-media; gyroscope; picture-in-picture; web-share\" referrerpolicy=\"strict-origin-when-cross-origin\" allowfullscreen><\/iframe>\n<\/div><\/figure>\n","protected":false},"excerpt":{"rendered":"<p>Tras una persecuci\u00f3n policial, se detuvo a los 3 delincuentes y se secuestr\u00f3 un arma 9mm, 6 tel\u00e9fonos celulares, los $500.000 robados y un Fiat Siena.&nbsp; El pasado jueves 13 de mayo, la polic\u00eda se enfrent\u00f3 a los tiros con &hellip; <a href=\"https:\/\/morenoprimero.com.ar\/archivo\/robaron-500-mil-pesos-y-escaparon-a-los-tiros-estan-detenidos\/\">Sigue leyendo <span class=\"meta-nav\">&rarr;<\/span><\/a><\/p>\n","protected":false},"author":6,"featured_media":12271,"comment_status":"closed","ping_status":"closed","sticky":false,"template":"","format":"standard","meta":{"footnotes":""},"categories":[8],"tags":[1040,110,25,31,292],"class_list":["post-12263","post","type-post","status-publish","format-standard","has-post-thumbnail","hentry","category-policiales","tag-arma-de-fuego","tag-delincuentes","tag-la-reja","tag-policia","tag-secuestro-de-armas"],"_links":{"self":[{"href":"https:\/\/morenoprimero.com.ar\/archivo\/wp-json\/wp\/v2\/posts\/12263","targetHints":{"allow":["GET"]}}],"collection":[{"href":"https:\/\/morenoprimero.com.ar\/archivo\/wp-json\/wp\/v2\/posts"}],"about":[{"href":"https:\/\/morenoprimero.com.ar\/archivo\/wp-json\/wp\/v2\/types\/post"}],"author":[{"embeddable":true,"href":"https:\/\/morenoprimero.com.ar\/archivo\/wp-json\/wp\/v2\/users\/6"}],"replies":[{"embeddable":true,"href":"https:\/\/morenoprimero.com.ar\/archivo\/wp-json\/wp\/v2\/comments?post=12263"}],"version-history":[{"count":5,"href":"https:\/\/morenoprimero.com.ar\/archivo\/wp-json\/wp\/v2\/posts\/12263\/revisions"}],"predecessor-version":[{"id":12299,"href":"https:\/\/morenoprimero.com.ar\/archivo\/wp-json\/wp\/v2\/posts\/12263\/revisions\/12299"}],"wp:featuredmedia":[{"embeddable":true,"href":"https:\/\/morenoprimero.com.ar\/archivo\/wp-json\/wp\/v2\/media\/12271"}],"wp:attachment":[{"href":"https:\/\/morenoprimero.com.ar\/archivo\/wp-json\/wp\/v2\/media?parent=12263"}],"wp:term":[{"taxonomy":"category","embeddable":true,"href":"https:\/\/morenoprimero.com.ar\/archivo\/wp-json\/wp\/v2\/categories?post=12263"},{"taxonomy":"post_tag","embeddable":true,"href":"https:\/\/morenoprimero.com.ar\/archivo\/wp-json\/wp\/v2\/tags?post=12263"}],"curies":[{"name":"wp","href":"https:\/\/api.w.org\/{rel}","templated":true}]}}