{"id":12230,"date":"2021-05-14T15:35:03","date_gmt":"2021-05-14T15:35:03","guid":{"rendered":"https:\/\/morenoprimero.com.ar\/?p=12230"},"modified":"2021-05-14T18:17:59","modified_gmt":"2021-05-14T18:17:59","slug":"este-domingo-realizaran-un-abrazo-solidario-al-club-aurora","status":"publish","type":"post","link":"https:\/\/morenoprimero.com.ar\/archivo\/este-domingo-realizaran-un-abrazo-solidario-al-club-aurora\/","title":{"rendered":"Este domingo realizar\u00e1n un abrazo solidario al Club Aurora"},"content":{"rendered":"\n<h4 class=\"wp-block-heading\">Luego de idas y vueltas, de lucha y resistencia con convicci\u00f3n, este s\u00e1bado 15 de mayo al club Aurora se le vence la pr\u00f3rroga de desalojo. Por este motivo desde la comisi\u00f3n directiva est\u00e1n convocando a socios, socias, a las y los jugadores y a la comunidad a despedirse del espacio que funciona hace 34 a\u00f1os. <\/h4>\n\n\n\n<p>En enero de 2020, el <a href=\"https:\/\/morenoprimero.com.ar\/el-club-aurora-no-baja-los-brazos-frente-al-desalojo\/\"><strong>Club Aurora<\/strong> <\/a>recibi\u00f3 una orden de desalojo que impide las actividades recreativas y solidarias que se realizan a diario en el espacio. Luego de un ciclo de luchas, manifestaciones, reuniones con autoridades municipales y ejecutivas, este s\u00e1bado 15 de mayo, la comunidad tiene que abandonar el lugar porque vence la pr\u00f3rroga que se consigui\u00f3 gracias a lxs abogadxs y acciones municipales. <\/p>\n\n\n\n<p><strong>Eva<\/strong>, presidenta del club, inform\u00f3 a este medio, <em><strong>que desde esta ma\u00f1ana autoridades del club y la comunidad esperan respuestas desde el juzgado<\/strong><\/em><strong> <em>acerca del pedido de pr\u00f3rroga<\/em><\/strong> que nuevamente se solicit\u00f3 para poder encontrar un espacio cercano al club en donde se puedan instalar para continuar con la realizaci\u00f3n de las ollas populares y actividades habituales.<\/p>\n\n\n\n<p>En ese sentido,<strong> Fernando Molina<\/strong>, tesorero del club, sostuvo que, <em><strong>el municipio ofreci\u00f3 un nuevo espacio, pero en el barrio de Casasco o Manantiales<\/strong><\/em>, dos ubicaciones lejanas al lugar actual donde se ubica el <strong>Aurora<\/strong>, por ese motivo, desde el IDUAR, Instituto de Desarrollo Urbano, Ambiental y Regional, actualmente se est\u00e1n tratando de conseguir terrenos m\u00e1s cercanos al barrio de origen.<\/p>\n\n\n\n<p>Fernando, expres\u00f3 que si bien no se cr\u00edo en el barrio, desde hace 12 a\u00f1os vive en el barrio Aurora y jug\u00f3 all\u00ed desde que lleg\u00f3. \u00abEstoy enamorado de mi segundo club y dar\u00eda cualquier cosa para que el club se qued\u00e9\u00bb y resalt\u00f3 que, \u00ab<strong>estos son errores que la comunidad paga desde hace muchos a\u00f1os\u00bb<\/strong><em><strong> <\/strong><\/em>por no haber formalizado el registro del club para que, como actualmente sucede, desalojen el espacio. <\/p>\n\n\n\n<p>El s\u00e1bado 15 de mayo se realizar\u00e1 una olla popular para la comunidad como ya vienen realizando todos los jueves y s\u00e1bados del mes. Las y los vecinos comienzan a cocinar desde las 9 de la ma\u00f1ana para m\u00e1s de 20 familias, y a las 12 reparten el almuerzo. En ese sentido, Fernando, explic\u00f3 que <em><strong>ma\u00f1ana la olla se hace si o si, haya o no haya desalojo<\/strong><\/em>.<\/p>\n\n\n\n<p>Por \u00faltimo, el domingo 16 de mayo, desde la comisi\u00f3n directiva del club, se convoca a un abrazo solidario en apoyo al Aurora y en rechazo al desalojo. La convocatoria es para el domingo a las 16 horas, respetando el distanciamiento social y usando tapabocas y alcohol en gel. <\/p>\n\n\n\n<figure class=\"wp-block-gallery columns-2 is-cropped wp-block-gallery-1 is-layout-flex wp-block-gallery-is-layout-flex\"><ul class=\"blocks-gallery-grid\"><li class=\"blocks-gallery-item\"><figure><a href=\"https:\/\/morenoprimero.com.ar\/wp-content\/uploads\/2021\/05\/AURORA-OLLA-POPULAR-1024x576.jpg\"><img loading=\"lazy\" decoding=\"async\" width=\"1024\" height=\"576\" src=\"https:\/\/morenoprimero.com.ar\/wp-content\/uploads\/2021\/05\/AURORA-OLLA-POPULAR-1024x576.jpg\" alt=\"\" data-id=\"12246\" class=\"wp-image-12246\" srcset=\"https:\/\/morenoprimero.com.ar\/archivo\/wp-content\/uploads\/2021\/05\/AURORA-OLLA-POPULAR-1024x576.jpg 1024w, https:\/\/morenoprimero.com.ar\/archivo\/wp-content\/uploads\/2021\/05\/AURORA-OLLA-POPULAR-300x169.jpg 300w, https:\/\/morenoprimero.com.ar\/archivo\/wp-content\/uploads\/2021\/05\/AURORA-OLLA-POPULAR-768x432.jpg 768w, https:\/\/morenoprimero.com.ar\/archivo\/wp-content\/uploads\/2021\/05\/AURORA-OLLA-POPULAR.jpg 1280w\" sizes=\"auto, (max-width: 1024px) 100vw, 1024px\" \/><\/a><\/figure><\/li><li class=\"blocks-gallery-item\"><figure><a href=\"https:\/\/morenoprimero.com.ar\/wp-content\/uploads\/2021\/05\/guiso.jpg\"><img loading=\"lazy\" decoding=\"async\" width=\"1024\" height=\"485\" src=\"https:\/\/morenoprimero.com.ar\/wp-content\/uploads\/2021\/05\/guiso-1024x485.jpg\" alt=\"\" data-id=\"12247\" data-full-url=\"https:\/\/morenoprimero.com.ar\/wp-content\/uploads\/2021\/05\/guiso.jpg\" data-link=\"https:\/\/morenoprimero.com.ar\/?attachment_id=12247\" class=\"wp-image-12247\" srcset=\"https:\/\/morenoprimero.com.ar\/archivo\/wp-content\/uploads\/2021\/05\/guiso-1024x485.jpg 1024w, https:\/\/morenoprimero.com.ar\/archivo\/wp-content\/uploads\/2021\/05\/guiso-300x142.jpg 300w, https:\/\/morenoprimero.com.ar\/archivo\/wp-content\/uploads\/2021\/05\/guiso-768x364.jpg 768w, https:\/\/morenoprimero.com.ar\/archivo\/wp-content\/uploads\/2021\/05\/guiso.jpg 1352w\" sizes=\"auto, (max-width: 1024px) 100vw, 1024px\" \/><\/a><\/figure><\/li><\/ul><\/figure>\n\n\n\n<p><\/p>\n\n\n\n<p><\/p>\n\n\n\n<p><\/p>\n\n\n\n<p><\/p>\n","protected":false},"excerpt":{"rendered":"<p>Luego de idas y vueltas, de lucha y resistencia con convicci\u00f3n, este s\u00e1bado 15 de mayo al club Aurora se le vence la pr\u00f3rroga de desalojo. Por este motivo desde la comisi\u00f3n directiva est\u00e1n convocando a socios, socias, a las &hellip; <a href=\"https:\/\/morenoprimero.com.ar\/archivo\/este-domingo-realizaran-un-abrazo-solidario-al-club-aurora\/\">Sigue leyendo <span class=\"meta-nav\">&rarr;<\/span><\/a><\/p>\n","protected":false},"author":6,"featured_media":12287,"comment_status":"closed","ping_status":"closed","sticky":false,"template":"","format":"standard","meta":{"footnotes":""},"categories":[20],"tags":[2065,2066,576,6,367],"class_list":["post-12230","post","type-post","status-publish","format-standard","has-post-thumbnail","hentry","category-sociedad","tag-club-aurora","tag-desalojo","tag-iduar","tag-moreno","tag-moreno-sur"],"_links":{"self":[{"href":"https:\/\/morenoprimero.com.ar\/archivo\/wp-json\/wp\/v2\/posts\/12230","targetHints":{"allow":["GET"]}}],"collection":[{"href":"https:\/\/morenoprimero.com.ar\/archivo\/wp-json\/wp\/v2\/posts"}],"about":[{"href":"https:\/\/morenoprimero.com.ar\/archivo\/wp-json\/wp\/v2\/types\/post"}],"author":[{"embeddable":true,"href":"https:\/\/morenoprimero.com.ar\/archivo\/wp-json\/wp\/v2\/users\/6"}],"replies":[{"embeddable":true,"href":"https:\/\/morenoprimero.com.ar\/archivo\/wp-json\/wp\/v2\/comments?post=12230"}],"version-history":[{"count":4,"href":"https:\/\/morenoprimero.com.ar\/archivo\/wp-json\/wp\/v2\/posts\/12230\/revisions"}],"predecessor-version":[{"id":12249,"href":"https:\/\/morenoprimero.com.ar\/archivo\/wp-json\/wp\/v2\/posts\/12230\/revisions\/12249"}],"wp:featuredmedia":[{"embeddable":true,"href":"https:\/\/morenoprimero.com.ar\/archivo\/wp-json\/wp\/v2\/media\/12287"}],"wp:attachment":[{"href":"https:\/\/morenoprimero.com.ar\/archivo\/wp-json\/wp\/v2\/media?parent=12230"}],"wp:term":[{"taxonomy":"category","embeddable":true,"href":"https:\/\/morenoprimero.com.ar\/archivo\/wp-json\/wp\/v2\/categories?post=12230"},{"taxonomy":"post_tag","embeddable":true,"href":"https:\/\/morenoprimero.com.ar\/archivo\/wp-json\/wp\/v2\/tags?post=12230"}],"curies":[{"name":"wp","href":"https:\/\/api.w.org\/{rel}","templated":true}]}}