{"id":12206,"date":"2021-05-14T13:55:12","date_gmt":"2021-05-14T13:55:12","guid":{"rendered":"https:\/\/morenoprimero.com.ar\/?p=12206"},"modified":"2021-05-14T13:55:14","modified_gmt":"2021-05-14T13:55:14","slug":"el-fin-de-semana-se-juegan-los-cuartos-de-la-liga-profesional-de-futbol","status":"publish","type":"post","link":"https:\/\/morenoprimero.com.ar\/archivo\/el-fin-de-semana-se-juegan-los-cuartos-de-la-liga-profesional-de-futbol\/","title":{"rendered":"El fin de semana se juegan los cuartos de la Liga Profesional de F\u00fatbol"},"content":{"rendered":"\n<h4 class=\"wp-block-heading\">Entre el s\u00e1bado 15 y el Domingo 16 de mayo se disputar\u00e1n los cuatro encuentros, entre ellos, el Supercl\u00e1sico. En la nota, d\u00eda y horario de cada encuentro.<\/h4>\n\n\n\n<p>Este s\u00e1bado 15 de mayo comienzan los cuartos de final de la Liga Profesional de Futbol. <strong>La \u00fanica instancia en la que los equipos mejor clasificados gozar\u00e1n de la local\u00eda. En caso de igualdad, cumplidos los 90 minutos reglamentarios, el partido se definir\u00e1 por penales.&nbsp;<\/strong><\/p>\n\n\n\n<figure class=\"wp-block-embed is-type-rich is-provider-twitter wp-block-embed-twitter\"><div class=\"wp-block-embed__wrapper\">\nhttps:\/\/twitter.com\/LigaAFA\/status\/1392971382426939398\n<\/div><\/figure>\n\n\n\n<h4 class=\"wp-block-heading\">Estudiantes espera a Independiente<\/h4>\n\n\n\n<p>El Pincha&nbsp;espera por Independiente en La Plata para disputar el primer partido de los cuartos. El encuentro comienza a las 17:30 h en el Jorge Luis&nbsp;Hirschi&nbsp;y el \u00e1rbitro principal es Pablo Echavarr\u00eda.&nbsp;<\/p>\n\n\n\n<figure class=\"wp-block-embed is-type-rich is-provider-twitter wp-block-embed-twitter\"><div class=\"wp-block-embed__wrapper\">\nhttps:\/\/twitter.com\/LigaAFA\/status\/1392600723079061508\n<\/div><\/figure>\n\n\n\n<h4 class=\"wp-block-heading\">Talleres viaja a Santa Fe<\/h4>\n\n\n\n<p>A las 21:00 h, Col\u00f3n recibe a Talleres en el Estadio Brigadier General Estanislao L\u00f3pez. El encuentro ser\u00e1 dirigido por Hern\u00e1n&nbsp;Mastr\u00e1ngelo.&nbsp;<\/p>\n\n\n\n<figure class=\"wp-block-embed is-type-rich is-provider-twitter wp-block-embed-twitter\"><div class=\"wp-block-embed__wrapper\">\nhttps:\/\/twitter.com\/LigaAFA\/status\/1392630922143485959\n<\/div><\/figure>\n\n\n\n<h4 class=\"wp-block-heading\">El Diablo viaja a Liniers<\/h4>\n\n\n\n<p>El Domingo 16 de mayo contin\u00faan los cuartos desde el mediod\u00eda en Liniers. V\u00e9lez recibe a Racing en el&nbsp;Almafitani&nbsp;a las 12 del mediod\u00eda. El encargado de impartir justicia es Germ\u00e1n Delfino.&nbsp;&nbsp;<\/p>\n\n\n\n<figure class=\"wp-block-embed is-type-rich is-provider-twitter wp-block-embed-twitter\"><div class=\"wp-block-embed__wrapper\">\nhttps:\/\/twitter.com\/LigaAFA\/status\/1392819665718611971\n<\/div><\/figure>\n\n\n\n<h4 class=\"wp-block-heading\">Supercl\u00e1sico en La Bombonera<\/h4>\n\n\n\n<p>El domingo a las 17:30 h hay una nueva edici\u00f3n del Supercl\u00e1sico. El Millo visita la Bombonera para disputarle a Boca un lugar en la semifinal. Dirigido por Facundo Tello, el encuentro se jugar\u00e1 en la Bombonera.&nbsp;<\/p>\n\n\n\n<figure class=\"wp-block-embed is-type-rich is-provider-twitter wp-block-embed-twitter\"><div class=\"wp-block-embed__wrapper\">\nhttps:\/\/twitter.com\/LigaAFA\/status\/1392849864644448262\n<\/div><\/figure>\n","protected":false},"excerpt":{"rendered":"<p>Entre el s\u00e1bado 15 y el Domingo 16 de mayo se disputar\u00e1n los cuatro encuentros, entre ellos, el Supercl\u00e1sico. En la nota, d\u00eda y horario de cada encuentro. Este s\u00e1bado 15 de mayo comienzan los cuartos de final de la &hellip; <a href=\"https:\/\/morenoprimero.com.ar\/archivo\/el-fin-de-semana-se-juegan-los-cuartos-de-la-liga-profesional-de-futbol\/\">Sigue leyendo <span class=\"meta-nav\">&rarr;<\/span><\/a><\/p>\n","protected":false},"author":6,"featured_media":12207,"comment_status":"closed","ping_status":"closed","sticky":false,"template":"","format":"standard","meta":{"footnotes":""},"categories":[673],"tags":[2260,2259],"class_list":["post-12206","post","type-post","status-publish","format-standard","has-post-thumbnail","hentry","category-deporte","tag-cuartos-de-final","tag-liga-profesional-de-futbol"],"_links":{"self":[{"href":"https:\/\/morenoprimero.com.ar\/archivo\/wp-json\/wp\/v2\/posts\/12206","targetHints":{"allow":["GET"]}}],"collection":[{"href":"https:\/\/morenoprimero.com.ar\/archivo\/wp-json\/wp\/v2\/posts"}],"about":[{"href":"https:\/\/morenoprimero.com.ar\/archivo\/wp-json\/wp\/v2\/types\/post"}],"author":[{"embeddable":true,"href":"https:\/\/morenoprimero.com.ar\/archivo\/wp-json\/wp\/v2\/users\/6"}],"replies":[{"embeddable":true,"href":"https:\/\/morenoprimero.com.ar\/archivo\/wp-json\/wp\/v2\/comments?post=12206"}],"version-history":[{"count":6,"href":"https:\/\/morenoprimero.com.ar\/archivo\/wp-json\/wp\/v2\/posts\/12206\/revisions"}],"predecessor-version":[{"id":12250,"href":"https:\/\/morenoprimero.com.ar\/archivo\/wp-json\/wp\/v2\/posts\/12206\/revisions\/12250"}],"wp:featuredmedia":[{"embeddable":true,"href":"https:\/\/morenoprimero.com.ar\/archivo\/wp-json\/wp\/v2\/media\/12207"}],"wp:attachment":[{"href":"https:\/\/morenoprimero.com.ar\/archivo\/wp-json\/wp\/v2\/media?parent=12206"}],"wp:term":[{"taxonomy":"category","embeddable":true,"href":"https:\/\/morenoprimero.com.ar\/archivo\/wp-json\/wp\/v2\/categories?post=12206"},{"taxonomy":"post_tag","embeddable":true,"href":"https:\/\/morenoprimero.com.ar\/archivo\/wp-json\/wp\/v2\/tags?post=12206"}],"curies":[{"name":"wp","href":"https:\/\/api.w.org\/{rel}","templated":true}]}}