{"id":12194,"date":"2021-05-13T23:01:06","date_gmt":"2021-05-13T23:01:06","guid":{"rendered":"https:\/\/morenoprimero.com.ar\/?p=12194"},"modified":"2021-05-13T23:17:47","modified_gmt":"2021-05-13T23:17:47","slug":"el-papa-francisco-recibio-al-presidente-alberto-fernandez-en-el-vaticano","status":"publish","type":"post","link":"https:\/\/morenoprimero.com.ar\/archivo\/el-papa-francisco-recibio-al-presidente-alberto-fernandez-en-el-vaticano\/","title":{"rendered":"El Papa Francisco recibi\u00f3 al presidente Alberto Fern\u00e1ndez en el Vaticano"},"content":{"rendered":"\n<p><strong>El papa Francisco recibi\u00f3 a Alberto Fern\u00e1ndez y el Vaticano destac\u00f3 las \u201cbuenas relaciones bilaterales\u201d. <\/strong>En un encuentro clave para determinar la relaci\u00f3n pol\u00edtica entre los l\u00edderes, analizaron la situaci\u00f3n del mundo ante la pandemia, la estrategia de negociaci\u00f3n ante el FMI y la importancia del acuerdo de Cambio Clim\u00e1tico de Par\u00eds.<\/p>\n\n\n\n<p>Al finalizar <strong>el encuentro, el primero despu\u00e9s de la aprobaci\u00f3n de la Ley por la interrupci\u00f3n voluntaria del embarazo en Argentina,<\/strong> desde el Vaticano destacaron \u201clas buenas relaciones bilaterales existentes\u201d entre ambos l\u00edderes, y la intenci\u00f3n de \u201cseguir desarrollando la colaboraci\u00f3n en sectores de inter\u00e9s mutuo\u201d.<\/p>\n\n\n\n<p>\u201cTambi\u00e9n <strong>nos centramos en la situaci\u00f3n del pa\u00eds, con especial referencia a algunos problemas como la gesti\u00f3n de la emergencia pand\u00e9mica, la crisis econ\u00f3mico-financiera y la lucha contra la pobreza<\/strong>, destacando, en este contexto, el importante aporte que la Iglesia Cat\u00f3lica ha ofrecido y sigue asegurando\u201d, agregaron los voceros eclesi\u00e1sticos.<\/p>\n\n\n\n<figure class=\"wp-block-image size-large\"><a href=\"https:\/\/morenoprimero.com.ar\/wp-content\/uploads\/2021\/05\/L6CTA3FVKFG2ZMHXZ6ESOWM2ZM.jpg\"><img loading=\"lazy\" decoding=\"async\" width=\"768\" height=\"432\" src=\"https:\/\/morenoprimero.com.ar\/wp-content\/uploads\/2021\/05\/L6CTA3FVKFG2ZMHXZ6ESOWM2ZM.jpg\" alt=\"\" class=\"wp-image-12195\" srcset=\"https:\/\/morenoprimero.com.ar\/archivo\/wp-content\/uploads\/2021\/05\/L6CTA3FVKFG2ZMHXZ6ESOWM2ZM.jpg 768w, https:\/\/morenoprimero.com.ar\/archivo\/wp-content\/uploads\/2021\/05\/L6CTA3FVKFG2ZMHXZ6ESOWM2ZM-300x169.jpg 300w\" sizes=\"auto, (max-width: 768px) 100vw, 768px\" \/><\/a><\/figure>\n\n\n\n<p>\u201cAgradezco su apoyo de siempre en favor de la recuperaci\u00f3n de la Argentina. <strong>Su liderazgo en pos de la igualdad nos gu\u00eda y nos compromete con un mundo m\u00e1s humano<\/strong>.\u201d expres\u00f3 el presidente a trav\u00e9s de su cuenta de Twitter.<\/p>\n\n\n\n<figure class=\"wp-block-embed is-type-rich is-provider-twitter wp-block-embed-twitter\"><div class=\"wp-block-embed__wrapper\">\n<blockquote class=\"twitter-tweet\" data-width=\"550\" data-dnt=\"true\"><p lang=\"es\" dir=\"ltr\">En mi reencuentro con el papa Francisco, conversamos sobre los problemas que el mundo y la Argentina atraviesan. Agradezco su apoyo de siempre en favor de la recuperaci\u00f3n de la Argentina. <br><br>Su liderazgo en pos de la igualdad nos gu\u00eda y nos compromete con un mundo m\u00e1s humano. <a href=\"https:\/\/t.co\/B72mHH7j0B\">pic.twitter.com\/B72mHH7j0B<\/a><\/p>&mdash; Alberto Fern\u00e1ndez (@alferdez) <a href=\"https:\/\/twitter.com\/alferdez\/status\/1392865916916994048?ref_src=twsrc%5Etfw\">May 13, 2021<\/a><\/blockquote><script async src=\"https:\/\/platform.twitter.com\/widgets.js\" charset=\"utf-8\"><\/script>\n<\/div><\/figure>\n\n\n\n<p>Seg\u00fan asegur\u00f3 el Presidente, <strong>\u00able comente lo que est\u00e1bamos haciendo, c\u00f3mo est\u00e1bamos avanzando en las negociaciones y como siempre hace me expres\u00f3 su idea de apoyarnos en todo\u00bb<\/strong>. Al finalizar, lo esperaban muchos periodistas en la puerta del hotel romano donde se est\u00e1 hospedando. Sobre la pregunta de si hab\u00eda invitado al sumo pont\u00edfice a visitar la Argentina, Fern\u00e1ndez puntualiz\u00f3 que \u00absiempre lo invito, pero es una decisi\u00f3n de \u00e9l\u00bb. Todos los funcionarios que ingresaron al Vaticano fueron vacunados con las dos dosis de la vacuna Pfizer.<\/p>\n\n\n\n<p>La reuni\u00f3n con el Papa es la pen\u00faltima posta de una gira con resultados positivos, donde <strong>Alberto Fern\u00e1ndez consigui\u00f3 el apoyo de los mandatarios de Portugal, Espa\u00f1a y Francia en su negociaci\u00f3n con el FMI y con el Club de Par\u00eds.<\/strong><\/p>\n","protected":false},"excerpt":{"rendered":"<p>El papa Francisco recibi\u00f3 a Alberto Fern\u00e1ndez y el Vaticano destac\u00f3 las \u201cbuenas relaciones bilaterales\u201d. En un encuentro clave para determinar la relaci\u00f3n pol\u00edtica entre los l\u00edderes, analizaron la situaci\u00f3n del mundo ante la pandemia, la estrategia de negociaci\u00f3n ante &hellip; <a href=\"https:\/\/morenoprimero.com.ar\/archivo\/el-papa-francisco-recibio-al-presidente-alberto-fernandez-en-el-vaticano\/\">Sigue leyendo <span class=\"meta-nav\">&rarr;<\/span><\/a><\/p>\n","protected":false},"author":6,"featured_media":12196,"comment_status":"closed","ping_status":"closed","sticky":false,"template":"","format":"standard","meta":{"footnotes":""},"categories":[27],"tags":[645,2315,2316,2314,1327],"class_list":["post-12194","post","type-post","status-publish","format-standard","has-post-thumbnail","hentry","category-politica","tag-alberto-fernandez-2","tag-bergoglio","tag-francisco","tag-papa","tag-vaticano"],"_links":{"self":[{"href":"https:\/\/morenoprimero.com.ar\/archivo\/wp-json\/wp\/v2\/posts\/12194","targetHints":{"allow":["GET"]}}],"collection":[{"href":"https:\/\/morenoprimero.com.ar\/archivo\/wp-json\/wp\/v2\/posts"}],"about":[{"href":"https:\/\/morenoprimero.com.ar\/archivo\/wp-json\/wp\/v2\/types\/post"}],"author":[{"embeddable":true,"href":"https:\/\/morenoprimero.com.ar\/archivo\/wp-json\/wp\/v2\/users\/6"}],"replies":[{"embeddable":true,"href":"https:\/\/morenoprimero.com.ar\/archivo\/wp-json\/wp\/v2\/comments?post=12194"}],"version-history":[{"count":2,"href":"https:\/\/morenoprimero.com.ar\/archivo\/wp-json\/wp\/v2\/posts\/12194\/revisions"}],"predecessor-version":[{"id":12198,"href":"https:\/\/morenoprimero.com.ar\/archivo\/wp-json\/wp\/v2\/posts\/12194\/revisions\/12198"}],"wp:featuredmedia":[{"embeddable":true,"href":"https:\/\/morenoprimero.com.ar\/archivo\/wp-json\/wp\/v2\/media\/12196"}],"wp:attachment":[{"href":"https:\/\/morenoprimero.com.ar\/archivo\/wp-json\/wp\/v2\/media?parent=12194"}],"wp:term":[{"taxonomy":"category","embeddable":true,"href":"https:\/\/morenoprimero.com.ar\/archivo\/wp-json\/wp\/v2\/categories?post=12194"},{"taxonomy":"post_tag","embeddable":true,"href":"https:\/\/morenoprimero.com.ar\/archivo\/wp-json\/wp\/v2\/tags?post=12194"}],"curies":[{"name":"wp","href":"https:\/\/api.w.org\/{rel}","templated":true}]}}