{"id":12166,"date":"2021-05-13T18:38:43","date_gmt":"2021-05-13T18:38:43","guid":{"rendered":"https:\/\/morenoprimero.com.ar\/?p=12166"},"modified":"2021-05-13T18:52:04","modified_gmt":"2021-05-13T18:52:04","slug":"el-gobierno-suspendio-el-feriado-del-24-de-mayo","status":"publish","type":"post","link":"https:\/\/morenoprimero.com.ar\/archivo\/el-gobierno-suspendio-el-feriado-del-24-de-mayo\/","title":{"rendered":"El gobierno suspendi\u00f3 el feriado puente del 24 de mayo"},"content":{"rendered":"\n<h4 class=\"wp-block-heading\">Se trata de una medida para evitar la circulaci\u00f3n del turismo en todo el pa\u00eds y el aumento de contagios de coronavirus.<\/h4>\n\n\n\n<p>El gobierno decidi\u00f3 <strong>quitar el feriado puente del lunes 24 de mayo<\/strong>, d\u00eda que se sumaba al feriado del 25 de mayo por el D\u00eda de la Revoluci\u00f3n de Mayo. La medida se llevar\u00e1 a cabo para evitar la circulaci\u00f3n del turismo en todo el pa\u00eds, debido a la segunda ola de Covid-19.<\/p>\n\n\n\n<p>En este sentido, se espera que la decisi\u00f3n quede firme a trav\u00e9s de la publicaci\u00f3n en el Bolet\u00edn Oficial de los pr\u00f3ximos d\u00edas.&nbsp;<strong>El feriado inamovible del 25 de mayo permanecer\u00e1 vigente.<\/strong><\/p>\n\n\n\n<p><br>Cabe destacar que&nbsp;el presidente&nbsp;<strong>Alberto Fern\u00e1ndez hab\u00eda decretado \u201cd\u00edas feriados con fines tur\u00edsticos\u201d<\/strong> en el<strong>&nbsp;Decreto 947\/2020<\/strong>. Se trataba de una estrategia destinada a promover la actividad tur\u00edstica. Entre los feriados puentes se inclu\u00eda el lunes 24 de mayo, que generaba un fin de semana largo de cuatro d\u00edas.&nbsp;<\/p>\n","protected":false},"excerpt":{"rendered":"<p>Se trata de una medida para evitar la circulaci\u00f3n del turismo en todo el pa\u00eds y el aumento de contagios de coronavirus. El gobierno decidi\u00f3 quitar el feriado puente del lunes 24 de mayo, d\u00eda que se sumaba al feriado &hellip; <a href=\"https:\/\/morenoprimero.com.ar\/archivo\/el-gobierno-suspendio-el-feriado-del-24-de-mayo\/\">Sigue leyendo <span class=\"meta-nav\">&rarr;<\/span><\/a><\/p>\n","protected":false},"author":6,"featured_media":12168,"comment_status":"closed","ping_status":"closed","sticky":false,"template":"","format":"standard","meta":{"footnotes":""},"categories":[536,20,1229],"tags":[2300,1397,603,2028,328],"class_list":["post-12166","post","type-post","status-publish","format-standard","has-post-thumbnail","hentry","category-salud","category-sociedad","category-turismo","tag-25demayo","tag-fin-de-semana-largo","tag-gobierno-nacional","tag-segunda-ola","tag-turismo"],"_links":{"self":[{"href":"https:\/\/morenoprimero.com.ar\/archivo\/wp-json\/wp\/v2\/posts\/12166","targetHints":{"allow":["GET"]}}],"collection":[{"href":"https:\/\/morenoprimero.com.ar\/archivo\/wp-json\/wp\/v2\/posts"}],"about":[{"href":"https:\/\/morenoprimero.com.ar\/archivo\/wp-json\/wp\/v2\/types\/post"}],"author":[{"embeddable":true,"href":"https:\/\/morenoprimero.com.ar\/archivo\/wp-json\/wp\/v2\/users\/6"}],"replies":[{"embeddable":true,"href":"https:\/\/morenoprimero.com.ar\/archivo\/wp-json\/wp\/v2\/comments?post=12166"}],"version-history":[{"count":7,"href":"https:\/\/morenoprimero.com.ar\/archivo\/wp-json\/wp\/v2\/posts\/12166\/revisions"}],"predecessor-version":[{"id":12186,"href":"https:\/\/morenoprimero.com.ar\/archivo\/wp-json\/wp\/v2\/posts\/12166\/revisions\/12186"}],"wp:featuredmedia":[{"embeddable":true,"href":"https:\/\/morenoprimero.com.ar\/archivo\/wp-json\/wp\/v2\/media\/12168"}],"wp:attachment":[{"href":"https:\/\/morenoprimero.com.ar\/archivo\/wp-json\/wp\/v2\/media?parent=12166"}],"wp:term":[{"taxonomy":"category","embeddable":true,"href":"https:\/\/morenoprimero.com.ar\/archivo\/wp-json\/wp\/v2\/categories?post=12166"},{"taxonomy":"post_tag","embeddable":true,"href":"https:\/\/morenoprimero.com.ar\/archivo\/wp-json\/wp\/v2\/tags?post=12166"}],"curies":[{"name":"wp","href":"https:\/\/api.w.org\/{rel}","templated":true}]}}