{"id":12101,"date":"2021-05-12T18:55:00","date_gmt":"2021-05-12T18:55:00","guid":{"rendered":"https:\/\/morenoprimero.com.ar\/?p=12101"},"modified":"2021-05-12T18:55:00","modified_gmt":"2021-05-12T18:55:00","slug":"se-firmo-un-convenio-para-generar-trabajo-destinado-a-personas-con-discapacidad","status":"publish","type":"post","link":"https:\/\/morenoprimero.com.ar\/archivo\/se-firmo-un-convenio-para-generar-trabajo-destinado-a-personas-con-discapacidad\/","title":{"rendered":"Se firm\u00f3 un convenio para generar trabajo destinado a personas con discapacidad"},"content":{"rendered":"\n<p><strong>Se firm\u00f3 un convenio marco entre la Agencia Nacional de Discapacidad y el Ministerio de Agricultura, Ganader\u00eda y Pesca (MAGYP) de la Naci\u00f3n para establecer v\u00ednculos entre ambas instituciones y trabajar sobre una iniciativa que promueve la inclusi\u00f3n laboral de las personas con discapacidad, en este caso, a trav\u00e9s del trabajo en unidades productivas inclusivas.&nbsp;<\/strong><\/p>\n\n\n\n<p>Con las presencias del ministro de MAGYP, <strong>Luis Basterra<\/strong>, y el Director Ejecutivo de ANDIS, <strong>Fernando Galarraga<\/strong> se realiz\u00f3 la firma del convenio <strong>\u201cProyecto Colonia Montes de Oca\u201d<\/strong> para la Producci\u00f3n de alimentos con la participaci\u00f3n de personas con discapacidad mental\/intelectual, en la sede ministerial.&nbsp;<\/p>\n\n\n\n<p>\u201cLa firma de este convenio representa un paso m\u00e1s en nuestro trabajo para transversalizar la perspectiva de la discapacidad en todo el quehacer del Estado nacional. <strong>Este es el inicio de una larga lista de acciones que tenemos que generar para continuar ampliando los derechos de las personas con discapacidad<\/strong>\u201d detall\u00f3 Galarraga tras la firma.&nbsp;<\/p>\n\n\n\n<p>El Convenio tiene por objeto <strong>establecer v\u00ednculos de colaboraci\u00f3n, articulaci\u00f3n, asistencia y cooperaci\u00f3n entre la ANDIS y el Ministerio para optimizar los recursos disponibles e impulsar iniciativas, programas y acciones conjuntas que favorezcan la misi\u00f3n y funciones de cada una de las partes.<\/strong>&nbsp;<\/p>\n\n\n\n<p>Por su parte, el ministro Basterra explic\u00f3 que \u201cCon una acci\u00f3n concreta se lleva adelante un proyecto de acci\u00f3n global por parte del Estado: <strong>generar inclusi\u00f3n a trav\u00e9s del trabajo y contribuir a la lucha contra el hambre que nos propuso el Presidente Fern\u00e1ndez<\/strong>\u201d.<\/p>\n\n\n\n<p>Del encuentro tambi\u00e9n participaron, bajo la modalidad virtual, Miguel \u00c1ngel G\u00f3mez, Secretario de Agricultura Familiar Campesina e Ind\u00edgena del MAGYP, Hern\u00e1n Rachid, Subsecretario de Agricultura Familiar Campesina e Ind\u00edgena del MAGYP, Diego Castro, Director Nacional en la Secretar\u00eda de Agricultura Familiar Campesina e Ind\u00edgena del MAGYP, Alberto Lazo, Director de la Colonia Nacional Montes de Oca y Leonardo Boto, Intendente de la Municipalidad de Luj\u00e1n.<\/p>\n","protected":false},"excerpt":{"rendered":"<p>Se firm\u00f3 un convenio marco entre la Agencia Nacional de Discapacidad y el Ministerio de Agricultura, Ganader\u00eda y Pesca (MAGYP) de la Naci\u00f3n para establecer v\u00ednculos entre ambas instituciones y trabajar sobre una iniciativa que promueve la inclusi\u00f3n laboral de &hellip; <a href=\"https:\/\/morenoprimero.com.ar\/archivo\/se-firmo-un-convenio-para-generar-trabajo-destinado-a-personas-con-discapacidad\/\">Sigue leyendo <span class=\"meta-nav\">&rarr;<\/span><\/a><\/p>\n","protected":false},"author":6,"featured_media":12102,"comment_status":"closed","ping_status":"closed","sticky":false,"template":"","format":"standard","meta":{"footnotes":""},"categories":[27],"tags":[2287,2290,2291,2289,2288],"class_list":["post-12101","post","type-post","status-publish","format-standard","has-post-thumbnail","hentry","category-politica","tag-agencia-nacional-de-discapacidad","tag-andis","tag-fernando-galarraga","tag-luis-basterra","tag-magyp"],"_links":{"self":[{"href":"https:\/\/morenoprimero.com.ar\/archivo\/wp-json\/wp\/v2\/posts\/12101","targetHints":{"allow":["GET"]}}],"collection":[{"href":"https:\/\/morenoprimero.com.ar\/archivo\/wp-json\/wp\/v2\/posts"}],"about":[{"href":"https:\/\/morenoprimero.com.ar\/archivo\/wp-json\/wp\/v2\/types\/post"}],"author":[{"embeddable":true,"href":"https:\/\/morenoprimero.com.ar\/archivo\/wp-json\/wp\/v2\/users\/6"}],"replies":[{"embeddable":true,"href":"https:\/\/morenoprimero.com.ar\/archivo\/wp-json\/wp\/v2\/comments?post=12101"}],"version-history":[{"count":1,"href":"https:\/\/morenoprimero.com.ar\/archivo\/wp-json\/wp\/v2\/posts\/12101\/revisions"}],"predecessor-version":[{"id":12103,"href":"https:\/\/morenoprimero.com.ar\/archivo\/wp-json\/wp\/v2\/posts\/12101\/revisions\/12103"}],"wp:featuredmedia":[{"embeddable":true,"href":"https:\/\/morenoprimero.com.ar\/archivo\/wp-json\/wp\/v2\/media\/12102"}],"wp:attachment":[{"href":"https:\/\/morenoprimero.com.ar\/archivo\/wp-json\/wp\/v2\/media?parent=12101"}],"wp:term":[{"taxonomy":"category","embeddable":true,"href":"https:\/\/morenoprimero.com.ar\/archivo\/wp-json\/wp\/v2\/categories?post=12101"},{"taxonomy":"post_tag","embeddable":true,"href":"https:\/\/morenoprimero.com.ar\/archivo\/wp-json\/wp\/v2\/tags?post=12101"}],"curies":[{"name":"wp","href":"https:\/\/api.w.org\/{rel}","templated":true}]}}