{"id":11939,"date":"2021-05-10T16:23:12","date_gmt":"2021-05-10T16:23:12","guid":{"rendered":"https:\/\/morenoprimero.com.ar\/?p=11939"},"modified":"2021-05-10T16:23:13","modified_gmt":"2021-05-10T16:23:13","slug":"moreno-como-seguiran-las-restricciones-luego-del-21-de-mayo","status":"publish","type":"post","link":"https:\/\/morenoprimero.com.ar\/archivo\/moreno-como-seguiran-las-restricciones-luego-del-21-de-mayo\/","title":{"rendered":"Moreno: \u00bfC\u00f3mo seguir\u00e1n las restricciones luego del 21 de mayo?"},"content":{"rendered":"\n<h4 class=\"wp-block-heading\">En di\u00e1logo con Moreno Primero, la secretaria de Salud del municipio explica: \u00ab<strong>Lo que estamos viendo no nos da una certeza de que no haya un repique porque, m\u00e1s all\u00e1 de los cierres que podamos tener, hay algo que tiene que ver con lo estacional que va impactar, que es el invierno y el fr\u00edo<\/strong>\u00ab. Adem\u00e1s, anuncia una ampliaci\u00f3n de camas en el Suterh y en Satsaid.<\/h4>\n\n\n\n<p>El&nbsp;<strong>promedio de casos diarios de coronavirus disminuy\u00f3 la primera semana de mayo respecto de la anterior, en todas las jurisdicciones bajo Alerta Epidemiol\u00f3gica<\/strong>, el nivel en el que se aplican las restricciones m\u00e1s severas y los partidos bonaerenses del \u00c1rea Metropolitana de Buenos Aires (AMBA) lideraron esa baja.&nbsp;<\/p>\n\n\n\n<p>Los casos diarios de la primera semana representan un 72 % respecto de la semana anterior en el AMBA, sin la Ciudad de Buenos Aires. Es decir, descendieron un 28 %.&nbsp;<\/p>\n\n\n\n<p><br><strong>De acuerdo a la cantidad de contagios acumulados en 14 d\u00edas, los municipios del conurbano tambi\u00e9n registraron una disminuci\u00f3n<\/strong>&nbsp;al pasar de 132.878 casos en el per\u00edodo del 6 al 19 de abril a 103.184 en el del 20 de abril al 3 de mayo, describi\u00f3 Retamar a T\u00e9lam, quien integra el Grupo de Investigaci\u00f3n en Bases de Datos (GIBD) de la Facultad Regional Concepci\u00f3n del Uruguay, dependiente de la Universidad Tecnol\u00f3gica Nacional (UTN).&nbsp;<\/p>\n\n\n\n<figure class=\"wp-block-image\"><img decoding=\"async\" src=\"https:\/\/scontent.fepa2-1.fna.fbcdn.net\/v\/t1.6435-9\/180294936_4470822946279887_1729773589516949789_n.jpg?_nc_cat=104&amp;ccb=1-3&amp;_nc_sid=730e14&amp;_nc_eui2=AeH_DnIt3TCSNofYAR3BLSns0XOWHlPZ1H7Rc5YeU9nUfknOQn-V0pEiUTLs2nQEtLU&amp;_nc_ohc=tjdl3uCUTrUAX-dq85p&amp;_nc_ht=scontent.fepa2-1.fna&amp;oh=e703a7ebb3ecabb1d61d7aaddf97b560&amp;oe=60C0DA91\" alt=\"Puede ser una imagen de una o varias personas, personas de pie, al aire libre y texto que dice &quot;CASCOS BLANCOS WHITEHEE HELMETS ARGENTINA&quot;\"\/><\/figure>\n\n\n\n<h4 class=\"wp-block-heading\">La situaci\u00f3n en Moreno<\/h4>\n\n\n\n<p>La secretaria de Salud del distrito explic\u00f3 a Moreno Primero que <strong>\u201clos casos est\u00e1n disminuyendo en el distrito, con un peque\u00f1o aumento en la curva el pasado jueves y viernes<\/strong>\u201d y que \u201cl\u00f3gicamente, la disminuci\u00f3n en la circulaci\u00f3n impact\u00f3 de manera positiva en la cantidad de casos\u201d.&nbsp;<\/p>\n\n\n\n<blockquote class=\"wp-block-quote is-layout-flow wp-block-quote-is-layout-flow\"><p><em>L\u00f3gicamente, la disminuci\u00f3n en la circulaci\u00f3n impact\u00f3 de manera positiva en la cantidad de casos<\/em><\/p><\/blockquote>\n\n\n\n<p>Sin embargo, la progresiva diminuci\u00f3n de casos no refleja -todav\u00eda-&nbsp;la cantidad de defunciones. \u201cLas cifras de defunciones corresponden a dos o tres semanas previas a los&nbsp;contagios\u201d, indica&nbsp;Cortez y agrega: \u201cDe igual manera, estos \u00faltimos d\u00edas, el n\u00famero es menor al de d\u00edas anteriores.\u201d&nbsp;&nbsp;&nbsp;<\/p>\n\n\n\n<p>En relaci\u00f3n a la ocupaci\u00f3n de camas, la secretaria de Salud se\u00f1ala que, en Moreno, siempre se estuvo por debajo del 80 %. Adem\u00e1s, afirma: \u201c<strong>Ahora estamos haciendo la ampliaci\u00f3n de camas para pacientes leves y moderados en el&nbsp;Suterh&nbsp;y en el&nbsp;Satsaid&nbsp;a trav\u00e9s de diferentes convenios<\/strong>\u201d.&nbsp;<\/p>\n\n\n\n<figure class=\"wp-block-image\"><img decoding=\"async\" src=\"https:\/\/scontent.fepa2-1.fna.fbcdn.net\/v\/t1.6435-9\/178794294_4463001493728699_1578057407926250928_n.jpg?_nc_cat=102&amp;ccb=1-3&amp;_nc_sid=730e14&amp;_nc_eui2=AeHzsbg-gqjkR_CBC4gt9aRBA5B_BDA2H0MDkH8EMDYfQ6xjKoAtmoDwmiLgImHp84I&amp;_nc_ohc=r8vhwgkTJeMAX_oeMVW&amp;_nc_ht=scontent.fepa2-1.fna&amp;oh=59824de20c34493326f78caa1571e493&amp;oe=60BE42DE\" alt=\"Puede ser una imagen de una o varias personas, personas de pie, al aire libre y texto que dice &quot;SenalArte ZONA SANITARIA PASO DEL REY XQ37 SALUD MORENO&quot;\"\/><\/figure>\n\n\n\n<h4 class=\"wp-block-heading\">\u00bfQu\u00e9 pasa el 21 de mayo?&nbsp; &nbsp;&nbsp;&nbsp;<\/h4>\n\n\n\n<p>En situaci\u00f3n de alerta epidemiol\u00f3gica, el nivel m\u00e1s alto de la escala seg\u00fan la cantidad de contagios y de camas de terapia intensiva en uso, estar\u00e1n&nbsp;<strong>hasta el 21 de mayo todos los partidos del conurbano bonaerense.&nbsp;<\/strong>\u00bfY luego?&nbsp;<\/p>\n\n\n\n<p>\u201cNo es algo que nos compete a nosotros tomar la decisi\u00f3n\u201d, aclara la secretaria. Sin embargo, considera que <strong>\u201clos cierres intermitentes son una buena estrategia y es una posibilidad que se puedan dar algunas aperturas si es que se sostiene la baja de casos\u201d<\/strong>. \u201cNo estamos viendo una baja tan pronunciada que sea sostenida como para evitar el riesgo de una tercera ola\u201d, alerta.&nbsp;&nbsp;<\/p>\n\n\n\n<blockquote class=\"wp-block-quote is-layout-flow wp-block-quote-is-layout-flow\"><p><em>No estamos viendo una baja tan pronunciada que sea sostenida como para evitar el riesgo de una tercera ola<\/em><\/p><\/blockquote>\n\n\n\n<p>Por \u00faltimo, la secretaria analiza que \u201csiempre vemos un aumento muy brusco en los casos y despu\u00e9s el descenso es mucho m\u00e1s progresivo y&nbsp;m\u00e1s&nbsp;lento<strong>. Lo que estamos viendo no nos da una certeza de que no haya un repique porque, m\u00e1s all\u00e1 de los cierres que podamos tener, hay algo que tiene que ver con lo estacional que va impactar, que es el invierno y el fr\u00edo<\/strong>.\u201d&nbsp;<\/p>\n","protected":false},"excerpt":{"rendered":"<p>En di\u00e1logo con Moreno Primero, la secretaria de Salud del municipio explica: \u00abLo que estamos viendo no nos da una certeza de que no haya un repique porque, m\u00e1s all\u00e1 de los cierres que podamos tener, hay algo que tiene &hellip; <a href=\"https:\/\/morenoprimero.com.ar\/archivo\/moreno-como-seguiran-las-restricciones-luego-del-21-de-mayo\/\">Sigue leyendo <span class=\"meta-nav\">&rarr;<\/span><\/a><\/p>\n","protected":false},"author":6,"featured_media":10340,"comment_status":"closed","ping_status":"closed","sticky":false,"template":"","format":"standard","meta":{"footnotes":""},"categories":[536],"tags":[2023,94,6,17,23,101],"class_list":["post-11939","post","type-post","status-publish","format-standard","has-post-thumbnail","hentry","category-salud","tag-barbara-cortez","tag-covid-19","tag-moreno","tag-pandemia","tag-salud","tag-secretaria-de-salud"],"_links":{"self":[{"href":"https:\/\/morenoprimero.com.ar\/archivo\/wp-json\/wp\/v2\/posts\/11939","targetHints":{"allow":["GET"]}}],"collection":[{"href":"https:\/\/morenoprimero.com.ar\/archivo\/wp-json\/wp\/v2\/posts"}],"about":[{"href":"https:\/\/morenoprimero.com.ar\/archivo\/wp-json\/wp\/v2\/types\/post"}],"author":[{"embeddable":true,"href":"https:\/\/morenoprimero.com.ar\/archivo\/wp-json\/wp\/v2\/users\/6"}],"replies":[{"embeddable":true,"href":"https:\/\/morenoprimero.com.ar\/archivo\/wp-json\/wp\/v2\/comments?post=11939"}],"version-history":[{"count":4,"href":"https:\/\/morenoprimero.com.ar\/archivo\/wp-json\/wp\/v2\/posts\/11939\/revisions"}],"predecessor-version":[{"id":11947,"href":"https:\/\/morenoprimero.com.ar\/archivo\/wp-json\/wp\/v2\/posts\/11939\/revisions\/11947"}],"wp:featuredmedia":[{"embeddable":true,"href":"https:\/\/morenoprimero.com.ar\/archivo\/wp-json\/wp\/v2\/media\/10340"}],"wp:attachment":[{"href":"https:\/\/morenoprimero.com.ar\/archivo\/wp-json\/wp\/v2\/media?parent=11939"}],"wp:term":[{"taxonomy":"category","embeddable":true,"href":"https:\/\/morenoprimero.com.ar\/archivo\/wp-json\/wp\/v2\/categories?post=11939"},{"taxonomy":"post_tag","embeddable":true,"href":"https:\/\/morenoprimero.com.ar\/archivo\/wp-json\/wp\/v2\/tags?post=11939"}],"curies":[{"name":"wp","href":"https:\/\/api.w.org\/{rel}","templated":true}]}}