{"id":11858,"date":"2021-05-07T15:28:05","date_gmt":"2021-05-07T15:28:05","guid":{"rendered":"https:\/\/morenoprimero.com.ar\/?p=11858"},"modified":"2021-05-07T17:08:48","modified_gmt":"2021-05-07T17:08:48","slug":"alberto-fernandez-presento-una-convocatoria-del-consejo-economico-y-social","status":"publish","type":"post","link":"https:\/\/morenoprimero.com.ar\/archivo\/alberto-fernandez-presento-una-convocatoria-del-consejo-economico-y-social\/","title":{"rendered":"Alberto Fern\u00e1ndez present\u00f3 una convocatoria del Consejo Econ\u00f3mico y Social"},"content":{"rendered":"\n<p>El presidente Alberto Fern\u00e1ndez present\u00f3 ayer la <strong>\u201cConvocatoria de proyectos para el Desarrollo Arm\u00f3nico con Equilibrio Territorial\u201d<\/strong> que, impulsada por el Consejo Econ\u00f3mico y Social (CES), <strong>apunta a financiar iniciativas sostenibles que promuevan la generaci\u00f3n de empleo<\/strong>, con impacto demogr\u00e1fico, en zonas poco pobladas del pa\u00eds, ante la presencia de empresarios y acad\u00e9micos. De la convocatoria, entre otros, participan, Isela Costantini y Roberto Urqu\u00eda, director del Grupo Aceitera General Deheza.<\/p>\n\n\n\n<p><strong>\u201cTenemos que garantizar que la armon\u00eda del crecimiento alcance a cada argentino\u201d<\/strong>, sostuvo el Presidente en el Museo de los Inmigrantes en el barrio porte\u00f1o de Retiro, y valor\u00f3 que \u201cel Consejo Econ\u00f3mico y Social tenga esta capacidad de articular encuentros en temas muy diversos, pero que siempre tienen un \u00fanico objetivo que es construir una sociedad m\u00e1s justa y m\u00e1s equilibrada\u201d.<\/p>\n\n\n\n<p>En el evento presencial, lo acompa\u00f1aron el ministro del Interior, Eduardo de Pedro; y los secretarios de Asuntos Estrat\u00e9gicos, Gustavo Beliz (titular del CES); y de Relaciones Parlamentarias;&nbsp; Institucionales y con la Sociedad Civil, Fernando Navarro; la secretaria de Innovaci\u00f3n P\u00fablica, Micaela S\u00e1nchez Malcom; y el rector de la Universidad Nacional de Tres de Febrero, An\u00edbal Jozami.<\/p>\n\n\n\n<p>Tambi\u00e9n estuvieron presentes los jurados Paula Bibini (Consejera CES\/Representante de la Uni\u00f3n de Industrias del Norte Argentino, Salta); Edith Encinas (Consejera CES\/presidenta de Federaci\u00f3n Autogesti\u00f3n, Cooperativismo y Trabajo, Santa Fe); Beatriz Tourn (Consejera CES\/presidenta de Mujeres de la Confederaci\u00f3n Argentina de Mediana Empresa, Chaco); Agustina Mayanski (Movimiento de Trabajadores Excluidos); V\u00edctor Lupo (titular del Club San Juan Bosco de Villa La C\u00e1rcova); Enrique Zuleta Puceiro (analista pol\u00edtico y profesor universitario); Luciana Soumoulu (dirigente rural de la Federaci\u00f3n Agraria, Santa Fe); y Federico Zapata (polit\u00f3logo, acad\u00e9mico y consultor, C\u00f3rdoba). Adem\u00e1s acompa\u00f1aron Esteban \u201cel Gringo\u201d Castro de CTEP; Alberto Barbieri, rector de la UBA y Enrique Palmeyro de Schollas Ocurrentes.<\/p>\n\n\n\n<p>De manera virtual se encontraron Federico Trucco (CEO de Bioceres, Rosario), Pilu Giraudo (ex titular de AAPRESID de Santa Fe y miembro de la Red de Mujeres Rurales) y Emilio Inzaurraga (ex presidente de la Consejo Nacional de Justicia y Paz).<\/p>\n\n\n\n<p><strong>\u201cHay una Argentina m\u00e1s desarrollada que es la Argentina del Centro pero hay dos perif\u00e9ricas: al Norte y al Sur. Y nosotros no nos podemos permitir eso. <\/strong>La Argentina es una y nosotros tenemos que garantizar que la armon\u00eda del crecimiento alcance a cada argentino y a cada argentina y eso definitivamente lo debemos hacer entre todos porque es un imperativo \u00e9tico evitar el desarraigo\u201d, sostuvo el Jefe de Estado.<\/p>\n\n\n\n<p>Fern\u00e1ndez a\u00f1adi\u00f3 que \u201c<strong>lo m\u00e1s virtuoso de las sociedades es profundizar los acuerdos<\/strong>, no profundizar los desencuentros. Y a veces siento que hacemos todo lo posible por encontrar donde no estamos de acuerdo para profundizar y herir en ese lugar donde el desencuentro aparece\u201d.<\/p>\n\n\n\n<p>El secretario Gustavo Beliz hizo referencia a dos consignas que fueron la raz\u00f3n de ser del programa puesto en marcha: \u201cuno de estos sue\u00f1os tiene que ver con <strong>que haya un desarrollo local floreciente que no haya migraciones que produzcan fracturas sociales<\/strong>. Quiero destacar el car\u00e1cter federal de la convocatoria y est\u00e1 compuesto ese car\u00e1cter en los miembros del jurados\u201d.<\/p>\n\n\n\n<p>A su vez, Navarro sostuvo que \u201cestamos celebrando <strong>una nueva forma de trabajar en el dise\u00f1o de pol\u00edticas p\u00fablicas<\/strong>\u201d y puntualiz\u00f3 que \u201cesta convocatoria es importante porque buscamos encontrar proyectos en todos los rincones para generar actividad econ\u00f3mica, trabajo, educaci\u00f3n, desarrollo personal y laboral en las comunidades donde los pibes a veces porque no tienen apoyo o financiamiento a sus iniciativas y se tienen que ir y emigrar. <strong>Y nosotros queremos que esos pibes, si es su deseo, puedan concretar sus sue\u00f1os en su tierra y que no renuncien a sus ra\u00edces<\/strong>\u201d.<\/p>\n\n\n\n<p>Los ejes estrat\u00e9gicos para la presentaci\u00f3n de proyectos de esta iniciativa que cuenta con la asistencia t\u00e9cnica y financiera de FONPLATA &#8211; Banco de Desarrollo, son: <strong>agricultura familiar, agroecolog\u00eda y bioeconom\u00eda; cadenas de valor en microrregiones y regiones; actividades relacionadas al cuidado y bienestar; e industria del conocimiento, teletrabajo y conectividad.<\/strong><\/p>\n\n\n\n<p>Podr\u00e1n presentarse las provincias, los gobiernos locales, las organizaciones de la sociedad civil, los movimientos sociales de la econom\u00eda popular, las empresas, los sindicatos, las iglesias, las organizaciones del sector productivo, las cooperativas, y las universidades y centros de estudios, investigaci\u00f3n y desarrollo tecnol\u00f3gico.&nbsp;<\/p>\n\n\n\n<p>Los proyectos, que se podr\u00e1n inscribir del 7 de junio al 8 de julio pr\u00f3ximos a trav\u00e9s de la plataforma digital Tr\u00e1mites a Distancia (TAD), deber\u00e1n contar con la participaci\u00f3n asociativa de diferentes instituciones, dos o m\u00e1s como m\u00ednimo por cada uno. Las bases y condiciones se encuentran en el sitio:<a href=\"https:\/\/www.argentina.gob.ar\/consejo\" target=\"_blank\" rel=\"noreferrer noopener\"> www.argentina.gob.ar\/consejo<\/a><\/p>\n","protected":false},"excerpt":{"rendered":"<p>El presidente Alberto Fern\u00e1ndez present\u00f3 ayer la \u201cConvocatoria de proyectos para el Desarrollo Arm\u00f3nico con Equilibrio Territorial\u201d que, impulsada por el Consejo Econ\u00f3mico y Social (CES), apunta a financiar iniciativas sostenibles que promuevan la generaci\u00f3n de empleo, con impacto demogr\u00e1fico, &hellip; <a href=\"https:\/\/morenoprimero.com.ar\/archivo\/alberto-fernandez-presento-una-convocatoria-del-consejo-economico-y-social\/\">Sigue leyendo <span class=\"meta-nav\">&rarr;<\/span><\/a><\/p>\n","protected":false},"author":6,"featured_media":11862,"comment_status":"closed","ping_status":"closed","sticky":false,"template":"","format":"standard","meta":{"footnotes":""},"categories":[27],"tags":[645,2244,2238,2242,2239,1086,2243,2241],"class_list":["post-11858","post","type-post","status-publish","format-standard","has-post-thumbnail","hentry","category-politica","tag-alberto-fernandez-2","tag-anibal-jozami","tag-ces","tag-fernando-navarro","tag-fonplata","tag-gustavo-beliz","tag-micaela-sanchez-malcom","tag-wado-de-pedro"],"_links":{"self":[{"href":"https:\/\/morenoprimero.com.ar\/archivo\/wp-json\/wp\/v2\/posts\/11858","targetHints":{"allow":["GET"]}}],"collection":[{"href":"https:\/\/morenoprimero.com.ar\/archivo\/wp-json\/wp\/v2\/posts"}],"about":[{"href":"https:\/\/morenoprimero.com.ar\/archivo\/wp-json\/wp\/v2\/types\/post"}],"author":[{"embeddable":true,"href":"https:\/\/morenoprimero.com.ar\/archivo\/wp-json\/wp\/v2\/users\/6"}],"replies":[{"embeddable":true,"href":"https:\/\/morenoprimero.com.ar\/archivo\/wp-json\/wp\/v2\/comments?post=11858"}],"version-history":[{"count":1,"href":"https:\/\/morenoprimero.com.ar\/archivo\/wp-json\/wp\/v2\/posts\/11858\/revisions"}],"predecessor-version":[{"id":11872,"href":"https:\/\/morenoprimero.com.ar\/archivo\/wp-json\/wp\/v2\/posts\/11858\/revisions\/11872"}],"wp:featuredmedia":[{"embeddable":true,"href":"https:\/\/morenoprimero.com.ar\/archivo\/wp-json\/wp\/v2\/media\/11862"}],"wp:attachment":[{"href":"https:\/\/morenoprimero.com.ar\/archivo\/wp-json\/wp\/v2\/media?parent=11858"}],"wp:term":[{"taxonomy":"category","embeddable":true,"href":"https:\/\/morenoprimero.com.ar\/archivo\/wp-json\/wp\/v2\/categories?post=11858"},{"taxonomy":"post_tag","embeddable":true,"href":"https:\/\/morenoprimero.com.ar\/archivo\/wp-json\/wp\/v2\/tags?post=11858"}],"curies":[{"name":"wp","href":"https:\/\/api.w.org\/{rel}","templated":true}]}}