{"id":11827,"date":"2021-05-07T15:16:46","date_gmt":"2021-05-07T15:16:46","guid":{"rendered":"https:\/\/morenoprimero.com.ar\/?p=11827"},"modified":"2021-05-07T15:16:47","modified_gmt":"2021-05-07T15:16:47","slug":"se-suman-nuevas-personas-a-la-poblacion-de-riesgo","status":"publish","type":"post","link":"https:\/\/morenoprimero.com.ar\/archivo\/se-suman-nuevas-personas-a-la-poblacion-de-riesgo\/","title":{"rendered":"Se suman nuevas personas a la poblaci\u00f3n de riesgo"},"content":{"rendered":"\n<h4 class=\"wp-block-heading\">La provincia sumar\u00e1 como prioridad en la vacunaci\u00f3n contra el covid-19 a embarazadas con patolog\u00edas previas o que est\u00e9n dando de amamantar, personas con cirrosis y trasplantadas.<\/h4>\n\n\n\n<p>Seg\u00fan el <strong>Ministerio de Salud bonaerense<\/strong>, ahora la provincia convoc\u00f3 a las personas gestantes con enfermedades preexistentes, a quienes se encuentren en per\u00edodo de amamantamiento, personas con cirrosis, <strong>VIH <\/strong>y trasplantados a inscribirse como grupo de riesgo en el Plan Provincial de Vacunaci\u00f3n.<\/p>\n\n\n\n<p>\u00abEstos nuevos grupos poblaciones priorizados (a los que se recomienda dejar constancia de su patolog\u00eda en la inscripci\u00f3n), presentan m\u00e1s riesgo de sufrir cuadros graves que requieran internaci\u00f3n si contraen covid-19\u00bb, precis\u00f3 el comunicado de la cartera que conduce <strong>Daniel Gollan.<\/strong><\/p>\n\n\n\n<p> En ese sentido, <strong>las personas gestantes como las personas que est\u00e9n amamantando y que tengan alguna de las enfermedades de riesgo mencionadas, deber\u00e1n agregar en la inscripci\u00f3n para vacunarse (<a href=\"https:\/\/vacunatepba.gba.gob.ar\/\">Buenos Aires Vacunate <\/a><\/strong>o la app Vacunate PBA) <strong>el dato de la enfermedad preexistente, <\/strong>lo que les permitir\u00e1 ser priorizadas a la hora de asignarles un turno y deber\u00e1n detallar si son personal de salud, seguridad o educaci\u00f3n.<\/p>\n\n\n\n<p>\u00abDurante esta segunda ola de la pandemia, la evidencia cient\u00edfica y los datos que manejamos en la provincia de Buenos Aires, a partir de la vigilancia activa, est\u00e1 mostrando que las personas embarazadas y que amamantan, que adem\u00e1s padecen alguna comorbilidad como diabetes, hipertensi\u00f3n arterial u obesidad, por ejemplo, son m\u00e1s proclives a sufrir complicaciones y cuadros graves que requieren internaci\u00f3n asociadas al covid-19\u00bb, explic\u00f3 la directora provincial de Equidad de G\u00e9nero en Salud, Sabrina Bala\u00f1a.<\/p>\n\n\n\n<p>Por otro lado,<strong> <\/strong>la ministra de Salud, <strong>Carla Vizzotti<\/strong>, anunci\u00f3 que <strong>el 21 de mayo llegar\u00e1n 861 600 dosis <\/strong>de <strong>AstraZeneca<\/strong> pertenecientes al fondo <strong>COVAX<\/strong> y ser\u00e1n utilizadas para completar los esquemas de vacunaci\u00f3n que ya recibieron la primera dosis de <strong>Covishield\/AstraZeneca<\/strong> a fines de febrero.<\/p>\n\n\n\n<p>Info: T\u00e9lam.<\/p>\n","protected":false},"excerpt":{"rendered":"<p>La provincia sumar\u00e1 como prioridad en la vacunaci\u00f3n contra el covid-19 a embarazadas con patolog\u00edas previas o que est\u00e9n dando de amamantar, personas con cirrosis y trasplantadas. Seg\u00fan el Ministerio de Salud bonaerense, ahora la provincia convoc\u00f3 a las personas &hellip; <a href=\"https:\/\/morenoprimero.com.ar\/archivo\/se-suman-nuevas-personas-a-la-poblacion-de-riesgo\/\">Sigue leyendo <span class=\"meta-nav\">&rarr;<\/span><\/a><\/p>\n","protected":false},"author":6,"featured_media":6305,"comment_status":"closed","ping_status":"closed","sticky":false,"template":"","format":"standard","meta":{"footnotes":""},"categories":[536,20],"tags":[1408,94,2168,2236],"class_list":["post-11827","post","type-post","status-publish","format-standard","has-post-thumbnail","hentry","category-salud","category-sociedad","tag-astrazeneca","tag-covid-19","tag-covishield","tag-nueva-partida-de-vacunas"],"_links":{"self":[{"href":"https:\/\/morenoprimero.com.ar\/archivo\/wp-json\/wp\/v2\/posts\/11827","targetHints":{"allow":["GET"]}}],"collection":[{"href":"https:\/\/morenoprimero.com.ar\/archivo\/wp-json\/wp\/v2\/posts"}],"about":[{"href":"https:\/\/morenoprimero.com.ar\/archivo\/wp-json\/wp\/v2\/types\/post"}],"author":[{"embeddable":true,"href":"https:\/\/morenoprimero.com.ar\/archivo\/wp-json\/wp\/v2\/users\/6"}],"replies":[{"embeddable":true,"href":"https:\/\/morenoprimero.com.ar\/archivo\/wp-json\/wp\/v2\/comments?post=11827"}],"version-history":[{"count":3,"href":"https:\/\/morenoprimero.com.ar\/archivo\/wp-json\/wp\/v2\/posts\/11827\/revisions"}],"predecessor-version":[{"id":11849,"href":"https:\/\/morenoprimero.com.ar\/archivo\/wp-json\/wp\/v2\/posts\/11827\/revisions\/11849"}],"wp:featuredmedia":[{"embeddable":true,"href":"https:\/\/morenoprimero.com.ar\/archivo\/wp-json\/wp\/v2\/media\/6305"}],"wp:attachment":[{"href":"https:\/\/morenoprimero.com.ar\/archivo\/wp-json\/wp\/v2\/media?parent=11827"}],"wp:term":[{"taxonomy":"category","embeddable":true,"href":"https:\/\/morenoprimero.com.ar\/archivo\/wp-json\/wp\/v2\/categories?post=11827"},{"taxonomy":"post_tag","embeddable":true,"href":"https:\/\/morenoprimero.com.ar\/archivo\/wp-json\/wp\/v2\/tags?post=11827"}],"curies":[{"name":"wp","href":"https:\/\/api.w.org\/{rel}","templated":true}]}}