{"id":11802,"date":"2021-05-07T14:05:14","date_gmt":"2021-05-07T14:05:14","guid":{"rendered":"https:\/\/morenoprimero.com.ar\/?p=11802"},"modified":"2021-05-07T14:05:15","modified_gmt":"2021-05-07T14:05:15","slug":"el-movimiento-evita-recuerda-a-eva-peron-con-5-000-postas-comunitarias","status":"publish","type":"post","link":"https:\/\/morenoprimero.com.ar\/archivo\/el-movimiento-evita-recuerda-a-eva-peron-con-5-000-postas-comunitarias\/","title":{"rendered":"El Movimiento Evita recuerda a Eva Per\u00f3n con 5 000 postas comunitarias"},"content":{"rendered":"\n<h4 class=\"wp-block-heading\">A 102 a\u00f1os del nacimiento de Eva Per\u00f3n, se realiza una Jornada Federal transmitida a trav\u00e9s de un video en vivo desde el canal de <em>YouTube<\/em> de la organizaci\u00f3n.<\/h4>\n\n\n\n<p>Se cumplen 102 a\u00f1os del nacimiento de Eva Per\u00f3n y el Movimiento Evita lo celebra con una jornada nacional y solidaria bajo el lema \u201cTe recordamos como nos ense\u00f1aste: primero los \u00faltimos y \u00faltimas\u201d.&nbsp;<\/p>\n\n\n\n<p><strong>Desde las 10 horas, se puede seguir la Jornada Federal que se transmite a trav\u00e9s de un video en vivo del canal de&nbsp;<em>YouTube<\/em>&nbsp;de la organizaci\u00f3n.&nbsp;<\/strong><\/p>\n\n\n\n<figure class=\"wp-block-embed is-type-rich is-provider-twitter wp-block-embed-twitter\"><div class=\"wp-block-embed__wrapper\">\nhttps:\/\/twitter.com\/MovimientoEvita\/status\/1390635811457191937\n<\/div><\/figure>\n\n\n\n<p>Adem\u00e1s<strong>, se instalaron 5 000 postas comunitarias en todo el pa\u00eds, junto a dirigentes pol\u00edticos y sociales.<\/strong>&nbsp; Las mismas se realizan desde el inicio de la pandemia de coronavirus y<strong> brindan ayuda social en distintos barrios populares del pa\u00eds, a trav\u00e9s de la asistencia sanitaria y alimentaria.&nbsp;<\/strong><\/p>\n\n\n\n<p>Desde all\u00ed \u201c<strong>se avanza en la campa\u00f1a de vacunaci\u00f3n m\u00e1s grande de la historia<\/strong>\u201d, informaron a trav\u00e9s de un comunicado y continuaron: \u201cse desarrollan actividades de prevenci\u00f3n, promoci\u00f3n sanitaria, inscripci\u00f3n a la vacuna del covid-19, apoyo educativo y prevenci\u00f3n en violencia de g\u00e9nero\u201d.&nbsp;<\/p>\n\n\n\n<figure class=\"wp-block-image\"><img decoding=\"async\" src=\"https:\/\/www.genteba.com\/wp-content\/uploads\/2021\/05\/MovEvita-JornadaFederal.jpg\" alt=\"El Movimiento Evita celebra los 102 a\u00f1os de Evita: Primero, los \u00faltimos y  las \u00faltimas \u2013 GENTE-BA\"\/><\/figure>\n\n\n\n<p>La presencia de los trabajadores y las trabajadoras barriales \u201cpotencian a\u00fan m\u00e1s las tareas sociales que ya se vienen desarrollando desde miles de comedores, merenderos y centros comunitarios y educativos para enfrentar la crisis que atraviesa el pueblo\u201d, destacaron.&nbsp;<\/p>\n\n\n\n<p>Por \u00faltimo, remarcaron que \u201c<strong>estas tareas han sido fundamentales para limitar los efectos negativos del coronavirus<\/strong>, tanto en lo sanitario como en lo social y econ\u00f3mico. Por ese motivo, las personas que participaron de las mismas <a href=\"https:\/\/morenoprimero.com.ar\/alberto-fernandez-y-mariel-fernandez-homenajearon-a-trabajadoras-comunitarias\/\">fueron reconocidas como trabajadoras y trabajadores esenciales<\/a>.\u201d<\/p>\n","protected":false},"excerpt":{"rendered":"<p>A 102 a\u00f1os del nacimiento de Eva Per\u00f3n, se realiza una Jornada Federal transmitida a trav\u00e9s de un video en vivo desde el canal de YouTube de la organizaci\u00f3n. Se cumplen 102 a\u00f1os del nacimiento de Eva Per\u00f3n y el &hellip; <a href=\"https:\/\/morenoprimero.com.ar\/archivo\/el-movimiento-evita-recuerda-a-eva-peron-con-5-000-postas-comunitarias\/\">Sigue leyendo <span class=\"meta-nav\">&rarr;<\/span><\/a><\/p>\n","protected":false},"author":6,"featured_media":11803,"comment_status":"closed","ping_status":"closed","sticky":false,"template":"","format":"standard","meta":{"footnotes":""},"categories":[1],"tags":[2232,291,2233],"class_list":["post-11802","post","type-post","status-publish","format-standard","has-post-thumbnail","hentry","category-sin-categoria","tag-eva-peron-2","tag-movimiento-evita","tag-postas-comunitarias"],"_links":{"self":[{"href":"https:\/\/morenoprimero.com.ar\/archivo\/wp-json\/wp\/v2\/posts\/11802","targetHints":{"allow":["GET"]}}],"collection":[{"href":"https:\/\/morenoprimero.com.ar\/archivo\/wp-json\/wp\/v2\/posts"}],"about":[{"href":"https:\/\/morenoprimero.com.ar\/archivo\/wp-json\/wp\/v2\/types\/post"}],"author":[{"embeddable":true,"href":"https:\/\/morenoprimero.com.ar\/archivo\/wp-json\/wp\/v2\/users\/6"}],"replies":[{"embeddable":true,"href":"https:\/\/morenoprimero.com.ar\/archivo\/wp-json\/wp\/v2\/comments?post=11802"}],"version-history":[{"count":5,"href":"https:\/\/morenoprimero.com.ar\/archivo\/wp-json\/wp\/v2\/posts\/11802\/revisions"}],"predecessor-version":[{"id":11833,"href":"https:\/\/morenoprimero.com.ar\/archivo\/wp-json\/wp\/v2\/posts\/11802\/revisions\/11833"}],"wp:featuredmedia":[{"embeddable":true,"href":"https:\/\/morenoprimero.com.ar\/archivo\/wp-json\/wp\/v2\/media\/11803"}],"wp:attachment":[{"href":"https:\/\/morenoprimero.com.ar\/archivo\/wp-json\/wp\/v2\/media?parent=11802"}],"wp:term":[{"taxonomy":"category","embeddable":true,"href":"https:\/\/morenoprimero.com.ar\/archivo\/wp-json\/wp\/v2\/categories?post=11802"},{"taxonomy":"post_tag","embeddable":true,"href":"https:\/\/morenoprimero.com.ar\/archivo\/wp-json\/wp\/v2\/tags?post=11802"}],"curies":[{"name":"wp","href":"https:\/\/api.w.org\/{rel}","templated":true}]}}