{"id":11773,"date":"2021-05-06T16:59:13","date_gmt":"2021-05-06T16:59:13","guid":{"rendered":"https:\/\/morenoprimero.com.ar\/?p=11773"},"modified":"2021-05-07T18:20:02","modified_gmt":"2021-05-07T18:20:02","slug":"el-poder-judicial-tambien-es-tu-problema","status":"publish","type":"post","link":"https:\/\/morenoprimero.com.ar\/archivo\/el-poder-judicial-tambien-es-tu-problema\/","title":{"rendered":"\u00abEl poder judicial tambi\u00e9n es tu problema\u00bb"},"content":{"rendered":"\n<h4 class=\"wp-block-heading\">El ejecutivo nacional expres\u00f3 su lamento por el fallo de la Corte Suprema sobre la presencialidad de las clases en CABA y consider\u00f3 que, en \u00e9l, hay conjeturas \u00abcontraf\u00e1cticas\u00bb. <\/h4>\n\n\n\n<p>El ejecutivo nacional detall\u00f3 las acciones desarrolladas desde el inicio de la pandemia a trav\u00e9s de un extenso comunicado. El gobierno respondi\u00f3 el fallo del m\u00e1ximo tribunal y expres\u00f3 que\u00a0\u00abresulta contraf\u00e1ctico y no puede verificarse qu\u00e9 hubiera sucedido si el Gobierno Nacional no hubiera adoptado medidas a tiempo, ante la pasividad del GCBA (Gobierno de la Ciudad de Buenos Aires)\u00bb.\u00a0<\/p>\n\n\n\n<figure class=\"wp-block-image\"><img decoding=\"async\" src=\"https:\/\/static.eldiario.es\/clip\/de4819a9-770f-42ed-9d24-5ab5cad220b5_16-9-discover-aspect-ratio_default_0.jpg\" alt=\"Alberto Fern\u00e1ndez volvi\u00f3 a mostrarse junto a Cristina Kirchner: \u201cMiren esta  foto, esta es nuestra unidad&quot; - elDiarioAR.com\"\/><\/figure>\n\n\n\n<p><br>&nbsp;<br>\u00abCon inusitado rigor formal, como si no estuviese en riesgo la salud p\u00fablica y los derechos subjetivos que de ella derivan, como la vida, la Corte Suprema ha sostenido que, al suspender por quince d\u00edas las clases presenciales en el conglomerado urbano del AMBA, el Gobierno Nacional se habr\u00eda basado en &#8216;consideraciones meramente conjeturales&#8217; con insuficiente fundamentaci\u00f3n\u00bb, a\u00f1ade.&nbsp;<br>&nbsp;<br>La declaraci\u00f3n indica que \u00ab<strong>es un deber y un objetivo central de este Gobierno garantizar el derecho constitucional a la educaci\u00f3n; y sabemos, sin ninguna duda, que este derecho se ejerce con mayor plenitud cuando se desarrolla en la modalidad presencial con docentes, ni\u00f1os, ni\u00f1as y adolescentes en las aulas<\/strong>\u00ab.&nbsp;<br>&nbsp;<br>Y se\u00f1ala que \u00abal momento de dictarse el DNU (Decreto de Necesidad y Urgencia) cuestionado, el AMBA (\u00c1rea Metropolitana de Buenos Aires) exhib\u00eda un crecimiento exponencial de contagios mayor al que presentaba el resto del pa\u00eds y el sistema de salud se hallaba fuertemente tensionado, con peligro de saturaci\u00f3n\u00bb y \u00abque tambi\u00e9n se ha verificado durante el a\u00f1o 2020 que la situaci\u00f3n epidemiol\u00f3gica del AMBA se extiende a las dem\u00e1s regiones del pa\u00eds\u00bb.&nbsp;<\/p>\n\n\n\n<div class=\"wp-block-file\"><a href=\"https:\/\/morenoprimero.com.ar\/wp-content\/uploads\/2021\/05\/506306754-Comunicado-del-Gobierno-ante-el-fallo-Corte-Suprema.pdf\"><strong>Comunicado-del-Gobierno-ante-el-fallo-Corte-Suprema<\/strong><\/a><a href=\"https:\/\/morenoprimero.com.ar\/wp-content\/uploads\/2021\/05\/506306754-Comunicado-del-Gobierno-ante-el-fallo-Corte-Suprema.pdf\" class=\"wp-block-file__button\" download>Descarga<\/a><\/div>\n\n\n\n<h4 class=\"wp-block-heading\">Cristina arremeti\u00f3 contra la Corte Suprema<\/h4>\n\n\n\n<figure class=\"wp-block-image\"><img decoding=\"async\" src=\"https:\/\/static01.nyt.com\/images\/2019\/05\/24\/universal\/24Garcia-ES\/merlin_155192463_a022f25a-2dce-4b4f-87a2-79a4ccbde551-superJumbo.jpg\" alt=\"Ni hero\u00edna ni villana: la sana debilidad de Cristina Fern\u00e1ndez de Kirchner  - The New York Times\"\/><\/figure>\n\n\n\n<p>La vicepresidenta, Cristina Fern\u00e1ndez de Kirchner, se expres\u00f3 tambi\u00e9n en relaci\u00f3n al fallo: \u00abCr\u00e9ase o no, en esa resoluci\u00f3n se hac\u00eda lugar a una acci\u00f3n de\u2026 \u00a1Habeas Corpus contra el Congreso de la Naci\u00f3n, intim\u00e1ndolo para que en 15 d\u00edas sancione leyes! Ignorando no solo la divisi\u00f3n de poderes, sino peor a\u00fan: ignorando lo que es un Habeas Corpus.\u00bb<\/p>\n\n\n\n<p>Agreg\u00f3 tambi\u00e9n que, el mismo d\u00eda, la C\u00e1mara Contencioso Administrativa Federal \u201ca pedido de Clar\u00edn, decidi\u00f3\u00a0suspender la vigencia del DNU que declar\u00f3 como servicio p\u00fablico a la telefon\u00eda celular, internet y la televisi\u00f3n por cable\u201d\u00a0y,\u00a0por tanto, a\u00f1adi\u00f3: \u201cTe van a poder aumentar el cable, internet y el celular, cuanto, como y cuando se les d\u00e9 la gana. Como ver\u00e1s, el Poder Judicial es tambi\u00e9n tu problema.\u201d<\/p>\n\n\n\n<blockquote class=\"wp-block-quote is-layout-flow wp-block-quote-is-layout-flow\"><p><em>  Hoy, la Corte acaba de decidir, en plena pandemia decretada por la OMS, emergencia sanitaria sancionada por el Congreso de la Naci\u00f3n y con m\u00e1s de 65.000 muertos en la Argentina, que el Poder Ejecutivo Nacional no tiene competencias para tomar medidas sanitarias.  <\/em><strong>Ante este escenario, digo yo\u2026 para poder gobernar \u00bfNo ser\u00e1 mejor presentarse a concursar por un cargo de Juez al Consejo de la Magistratura o que un Presidente te proponga para Ministro de la Corte?<\/strong><\/p><\/blockquote>\n\n\n\n<p>  <\/p>\n\n\n\n<figure class=\"wp-block-embed is-type-rich is-provider-twitter wp-block-embed-twitter\"><div class=\"wp-block-embed__wrapper\">\n<blockquote class=\"twitter-tweet\" data-width=\"550\" data-dnt=\"true\"><p lang=\"es\" dir=\"ltr\">Sinceramente, est\u00e1 muy claro que los golpes contra las instituciones democr\u00e1ticas elegidas por el voto popular, ya no son como anta\u00f1o.<\/p>&mdash; Cristina Kirchner (@CFKArgentina) <a href=\"https:\/\/twitter.com\/CFKArgentina\/status\/1389614744194191362?ref_src=twsrc%5Etfw\">May 4, 2021<\/a><\/blockquote><script async src=\"https:\/\/platform.twitter.com\/widgets.js\" charset=\"utf-8\"><\/script>\n<\/div><\/figure>\n","protected":false},"excerpt":{"rendered":"<p>El ejecutivo nacional expres\u00f3 su lamento por el fallo de la Corte Suprema sobre la presencialidad de las clases en CABA y consider\u00f3 que, en \u00e9l, hay conjeturas \u00abcontraf\u00e1cticas\u00bb. El ejecutivo nacional detall\u00f3 las acciones desarrolladas desde el inicio de &hellip; <a href=\"https:\/\/morenoprimero.com.ar\/archivo\/el-poder-judicial-tambien-es-tu-problema\/\">Sigue leyendo <span class=\"meta-nav\">&rarr;<\/span><\/a><\/p>\n","protected":false},"author":6,"featured_media":11774,"comment_status":"closed","ping_status":"closed","sticky":false,"template":"","format":"standard","meta":{"footnotes":""},"categories":[2,27],"tags":[2225,1851],"class_list":["post-11773","post","type-post","status-publish","format-standard","has-post-thumbnail","hentry","category-destacadas","category-politica","tag-corte-suprema","tag-poder-judicial"],"_links":{"self":[{"href":"https:\/\/morenoprimero.com.ar\/archivo\/wp-json\/wp\/v2\/posts\/11773","targetHints":{"allow":["GET"]}}],"collection":[{"href":"https:\/\/morenoprimero.com.ar\/archivo\/wp-json\/wp\/v2\/posts"}],"about":[{"href":"https:\/\/morenoprimero.com.ar\/archivo\/wp-json\/wp\/v2\/types\/post"}],"author":[{"embeddable":true,"href":"https:\/\/morenoprimero.com.ar\/archivo\/wp-json\/wp\/v2\/users\/6"}],"replies":[{"embeddable":true,"href":"https:\/\/morenoprimero.com.ar\/archivo\/wp-json\/wp\/v2\/comments?post=11773"}],"version-history":[{"count":8,"href":"https:\/\/morenoprimero.com.ar\/archivo\/wp-json\/wp\/v2\/posts\/11773\/revisions"}],"predecessor-version":[{"id":12997,"href":"https:\/\/morenoprimero.com.ar\/archivo\/wp-json\/wp\/v2\/posts\/11773\/revisions\/12997"}],"wp:featuredmedia":[{"embeddable":true,"href":"https:\/\/morenoprimero.com.ar\/archivo\/wp-json\/wp\/v2\/media\/11774"}],"wp:attachment":[{"href":"https:\/\/morenoprimero.com.ar\/archivo\/wp-json\/wp\/v2\/media?parent=11773"}],"wp:term":[{"taxonomy":"category","embeddable":true,"href":"https:\/\/morenoprimero.com.ar\/archivo\/wp-json\/wp\/v2\/categories?post=11773"},{"taxonomy":"post_tag","embeddable":true,"href":"https:\/\/morenoprimero.com.ar\/archivo\/wp-json\/wp\/v2\/tags?post=11773"}],"curies":[{"name":"wp","href":"https:\/\/api.w.org\/{rel}","templated":true}]}}