{"id":11739,"date":"2021-05-06T14:58:27","date_gmt":"2021-05-06T14:58:27","guid":{"rendered":"https:\/\/morenoprimero.com.ar\/?p=11739"},"modified":"2021-05-06T14:58:27","modified_gmt":"2021-05-06T14:58:27","slug":"el-salario-minimo-vital-y-movil-subira-un-35","status":"publish","type":"post","link":"https:\/\/morenoprimero.com.ar\/archivo\/el-salario-minimo-vital-y-movil-subira-un-35\/","title":{"rendered":"El salario m\u00ednimo, vital y m\u00f3vil subir\u00e1 un 35 %"},"content":{"rendered":"\n<h4 class=\"wp-block-heading\">As\u00ed lo oficializ\u00f3 el gobierno a trav\u00e9s del Bolet\u00edn Oficial, donde estableci\u00f3 que, a partir de este 1\u00b0 de abril, ya se percibir\u00e1  un monto de $ 23.544 para todos los trabajadores mensualizados que cumplen la jornada legal completa de trabajo. <\/h4>\n\n\n\n<p>Este mi\u00e9rcoles, el gobierno nacional oficializ\u00f3 la suba del <strong>35 por ciento del salario m\u00ednimo, vital y m\u00f3vil en siete tramos,  <\/strong>desde abril hasta febrero del 2022. As\u00ed fue acordado en el <strong>Consejo del Salario<\/strong>, donde participaron autoridades nacionales, sindicatos y empresarios. La resoluci\u00f3n 4\/2021 fue publicada en el Bolet\u00edn Oficial, con la firma del ministro de Trabajo, <strong>Claudio Moroni.<\/strong><\/p>\n\n\n\n<p><strong>A partir del 1\u00b0 de abril, el monto a percibir ser\u00e1 de \u00ab$ 23 544 para todos los trabajadores mensualizados que cumplen la jornada legal completa de trabajo\u00bb.<\/strong><\/p>\n\n\n\n<p><strong>Esa cifra sube el 1\u00b0 de mayo a $ 24 408 y, en junio, se eleva a $25 572.<\/strong> <\/p>\n\n\n\n<p><strong>Asimismo, en julio trepar\u00e1 a $ 25 920; en septiembre a $ 27 000; en noviembre a $ 28 080; y, a partir del 1\u00b0 de febrero de 2022, a $ 29 160. En ese sentido, en mayo comenzar\u00e1 a ser abonado con el aumento de 9 %, incluyendo el aumento de abril. <\/strong><\/p>\n\n\n\n<p><strong>El porcentaje acordado tambi\u00e9n se aplicar\u00e1 sobre las prestaciones m\u00ednimas y m\u00e1ximas por desempleo.<\/strong><\/p>\n\n\n\n<p>Info: t\u00e9lam.<\/p>\n\n\n\n<p><\/p>\n","protected":false},"excerpt":{"rendered":"<p>As\u00ed lo oficializ\u00f3 el gobierno a trav\u00e9s del Bolet\u00edn Oficial, donde estableci\u00f3 que, a partir de este 1\u00b0 de abril, ya se percibir\u00e1 un monto de $ 23.544 para todos los trabajadores mensualizados que cumplen la jornada legal completa de &hellip; <a href=\"https:\/\/morenoprimero.com.ar\/archivo\/el-salario-minimo-vital-y-movil-subira-un-35\/\">Sigue leyendo <span class=\"meta-nav\">&rarr;<\/span><\/a><\/p>\n","protected":false},"author":6,"featured_media":11084,"comment_status":"closed","ping_status":"closed","sticky":false,"template":"","format":"standard","meta":{"footnotes":""},"categories":[926,20],"tags":[603,2223,2221],"class_list":["post-11739","post","type-post","status-publish","format-standard","has-post-thumbnail","hentry","category-economia","category-sociedad","tag-gobierno-nacional","tag-ministro-de-trabajo","tag-salario-minimo-vital-y-movil"],"_links":{"self":[{"href":"https:\/\/morenoprimero.com.ar\/archivo\/wp-json\/wp\/v2\/posts\/11739","targetHints":{"allow":["GET"]}}],"collection":[{"href":"https:\/\/morenoprimero.com.ar\/archivo\/wp-json\/wp\/v2\/posts"}],"about":[{"href":"https:\/\/morenoprimero.com.ar\/archivo\/wp-json\/wp\/v2\/types\/post"}],"author":[{"embeddable":true,"href":"https:\/\/morenoprimero.com.ar\/archivo\/wp-json\/wp\/v2\/users\/6"}],"replies":[{"embeddable":true,"href":"https:\/\/morenoprimero.com.ar\/archivo\/wp-json\/wp\/v2\/comments?post=11739"}],"version-history":[{"count":4,"href":"https:\/\/morenoprimero.com.ar\/archivo\/wp-json\/wp\/v2\/posts\/11739\/revisions"}],"predecessor-version":[{"id":11757,"href":"https:\/\/morenoprimero.com.ar\/archivo\/wp-json\/wp\/v2\/posts\/11739\/revisions\/11757"}],"wp:featuredmedia":[{"embeddable":true,"href":"https:\/\/morenoprimero.com.ar\/archivo\/wp-json\/wp\/v2\/media\/11084"}],"wp:attachment":[{"href":"https:\/\/morenoprimero.com.ar\/archivo\/wp-json\/wp\/v2\/media?parent=11739"}],"wp:term":[{"taxonomy":"category","embeddable":true,"href":"https:\/\/morenoprimero.com.ar\/archivo\/wp-json\/wp\/v2\/categories?post=11739"},{"taxonomy":"post_tag","embeddable":true,"href":"https:\/\/morenoprimero.com.ar\/archivo\/wp-json\/wp\/v2\/tags?post=11739"}],"curies":[{"name":"wp","href":"https:\/\/api.w.org\/{rel}","templated":true}]}}