{"id":11338,"date":"2021-04-28T18:53:08","date_gmt":"2021-04-28T18:53:08","guid":{"rendered":"https:\/\/morenoprimero.com.ar\/?p=11338"},"modified":"2021-04-28T18:57:51","modified_gmt":"2021-04-28T18:57:51","slug":"potenciar-trabajo-el-desarrollo-social-construido-desde-abajo-hacia-arriba","status":"publish","type":"post","link":"https:\/\/morenoprimero.com.ar\/archivo\/potenciar-trabajo-el-desarrollo-social-construido-desde-abajo-hacia-arriba\/","title":{"rendered":"POTENCIAR TRABAJO: EL DESARROLLO SOCIAL CONSTRUIDO DESDE ABAJO HACIA ARRIBA"},"content":{"rendered":"\n<h4 class=\"wp-block-heading\">  El estado acompa\u00f1a los trabajos informales y potencia las condiciones de cada territorio, a futuro se pretende erradicar el trabajo informal, pero para eso hay que \u00absembrar los cimientos del futuro\u00bb. Estefan\u00eda de Dios, administradora del IMDEL explica que el programa tiene un doble sentido: \u00abPor un lado, ponemos en valor a Moreno mejorando espacios p\u00fablicos y, por otro lado, a esos trabajadores y trabajadoras los acompa\u00f1amos con herramientas para que puedan mejorar su condici\u00f3n laboral\u00bb.<\/h4>\n\n\n\n<p>Potenciar Trabajo contempla la creaci\u00f3n y el fortalecimiento de unidades productivas para promover la inclusi\u00f3n social plena y el incremento progresivo de ingresos con vistas a alcanzar la autonom\u00eda econ\u00f3mica. Adem\u00e1s, incluye microcr\u00e9ditos y cr\u00e9dito para m\u00e1quinas y herramientas a tasas muy bajas. Impulsa cinco sectores productivos fundamentales: construcci\u00f3n, producci\u00f3n de alimentos, actividad textil, econom\u00eda del cuidado de personas y la recolecci\u00f3n y reciclado de residuos urbanos.&nbsp;&nbsp;<\/p>\n\n\n\n<p>&nbsp; En Julio del a\u00f1o 2020 la intendenta Mariel Fern\u00e1ndez firmo la adhesi\u00f3n al convenio&nbsp;junto otros intendentes e intendentas de la provincia, el gobernador Axel Kicillof, el ministro de Desarrollo social de la Naci\u00f3n, Daniel Arroyo y el ministro de Desarrollo de la Comunidad de la Provincia, Andr\u00e9s Larroque. De acuerdo al convenio, el monto percibido es el 50% del salario m\u00ednimo, vital y m\u00f3vil, y en Moreno hay 3.000 beneficiaros.&nbsp;<\/p>\n\n\n\n<figure class=\"wp-block-image\"><img decoding=\"async\" src=\"https:\/\/lh3.googleusercontent.com\/proxy\/qCSNEKwgq2geYizNVU2YA-6sBVQGSaZFJjtxaSsGrxBRQmbIO85VF1SzvyamLxGhnKRaNOZHTVlrFdFSJcHrGAULyF3--coUXyzbgs7gGxgeJlR9TLTq3HP7-j9x4-lhMa3ainZsVFMZ_4NbmJY\" alt=\"\"\/><\/figure>\n\n\n\n<p>&nbsp; En palabras del gobernador de la Provincia de Buenos aires, el programa \u201ces esencial y marca un giro en la pol\u00edtica social, es darles a los bonaerenses el acceso al derecho a trabajar\u201d.&nbsp;Kicillof&nbsp;se\u00f1al\u00f3&nbsp;tambi\u00e9n que este programa \u201ces uno de los instrumentos para la&nbsp;pospandemia\u201d, ya que \u201c<strong>la \u00fanica posibilidad que tenemos es ponernos a sembrar los cimientos de ese futuro, que tiene que tener m\u00e1s inclusi\u00f3n y m\u00e1s trabajo<\/strong>\u201d.&nbsp;<\/p>\n\n\n\n<p>&nbsp; &nbsp;Arroyo&nbsp;coincidi\u00f3&nbsp;al&nbsp;postular&nbsp;que \u201cesta es la pol\u00edtica social de la postpandemia\u201d y&nbsp;explic\u00f3&nbsp;que apunta a que \u201c<strong>el desarrollo local se reconstruya desde abajo hacia arriba. El Estado tiene que acompa\u00f1ar al sector informal con m\u00e1quinas, herramientas y capacitaci\u00f3n, potenciando las condiciones que tiene cada uno de los territorios<\/strong>\u201d.&nbsp;<\/p>\n\n\n\n<figure class=\"wp-block-embed is-type-rich is-provider-twitter wp-block-embed-twitter\"><div class=\"wp-block-embed__wrapper\">\n<blockquote class=\"twitter-tweet\" data-width=\"550\" data-dnt=\"true\"><p lang=\"es\" dir=\"ltr\">Potenciar Trabajo es la pol\u00edtica social de la pospandemia que estamos impulsando con el presidente <a href=\"https:\/\/twitter.com\/alferdez?ref_src=twsrc%5Etfw\">@alferdez<\/a>.<br> <br>Junto a <a href=\"https:\/\/twitter.com\/Kicillofok?ref_src=twsrc%5Etfw\">@Kicillofok<\/a> y <a href=\"https:\/\/twitter.com\/larroqueandres?ref_src=twsrc%5Etfw\">@larroqueandres<\/a> hoy pusimos en marcha este plan de inclusi\u00f3n socioproductiva en la provincia de Buenos Aires. (1\/4)<a href=\"https:\/\/twitter.com\/hashtag\/ArgentinaUnida?src=hash&amp;ref_src=twsrc%5Etfw\">#ArgentinaUnida<\/a> <a href=\"https:\/\/t.co\/OsTnJVuCZR\">pic.twitter.com\/OsTnJVuCZR<\/a><\/p>&mdash; Daniel Arroyo (@LicDanielArroyo) <a href=\"https:\/\/twitter.com\/LicDanielArroyo\/status\/1279099677942693893?ref_src=twsrc%5Etfw\">July 3, 2020<\/a><\/blockquote><script async src=\"https:\/\/platform.twitter.com\/widgets.js\" charset=\"utf-8\"><\/script>\n<\/div><\/figure>\n\n\n\n<h4 class=\"wp-block-heading\">Cambio de paradigmas en los programas sociales<\/h4>\n\n\n\n<p>\u00a0 En di\u00e1logo con Moreno Primero, la administradora general del Instituto Municipal de Desarrollo Econ\u00f3mico Local (IMDEL), Estefan\u00eda de Dios,\u00a0describe\u00a0la naturaleza del programa. \u201cEn su momento fue Hacemos Futuro y llev\u00f3 toda una discusi\u00f3n porque se planteaba\u00a0que las personas no est\u00e1n capacitadas para ofrecer su mano de obra en el mercado laboral formal\u201d,\u00a0indica\u00a0la funcionaria y\u00a0refuta, \u201c<strong>nosotros pensamos que no es as\u00ed, que es un problema de falta de trabajo, y como el trabajo asalariado est\u00e1 cada vez m\u00e1s reducido, necesitamos generar condiciones de dignidad en la econom\u00eda popular y asegurar que los trabajadores y trabajadoras tengan todos los derechos que tiene un trabajador asalariado, adem\u00e1s de la capacitaci\u00f3n, la obra social, el seguro social, el monotributo y dem\u00e1s<\/strong>\u201d, por tanto, \u201clo que hicimos con Potenciar Trabajo es volver a poner en valor el trabajo con una l\u00f3gica m\u00e1s productiva\u00bb.<\/p>\n\n\n\n<figure class=\"wp-block-image size-large\"><a href=\"https:\/\/morenoprimero.com.ar\/wp-content\/uploads\/2021\/04\/image-17.png\"><img loading=\"lazy\" decoding=\"async\" width=\"443\" height=\"428\" src=\"https:\/\/morenoprimero.com.ar\/wp-content\/uploads\/2021\/04\/image-17.png\" alt=\"\" class=\"wp-image-11344\" srcset=\"https:\/\/morenoprimero.com.ar\/archivo\/wp-content\/uploads\/2021\/04\/image-17.png 443w, https:\/\/morenoprimero.com.ar\/archivo\/wp-content\/uploads\/2021\/04\/image-17-300x290.png 300w\" sizes=\"auto, (max-width: 443px) 100vw, 443px\" \/><\/a><\/figure>\n\n\n\n<p>&nbsp;La funcionaria agrega que \u201cel programa tiene un doble sentido. Por un lado, ponemos en valor a Moreno mejorando espacios p\u00fablicos y, por otro lado, a esos trabajadores y trabajadoras los acompa\u00f1amos con herramientas para que puedan mejorar su condici\u00f3n laboral.&nbsp;<\/p>\n\n\n\n<p>  En esa l\u00ednea, afirma, \u201cya est\u00e1n en marcha las obras donde se realiza el mantenimiento del espacio p\u00fablico, la refacci\u00f3n de edificios p\u00fablicos tales como plazas, salitas de salud, y edificios educativos, se\u00f1al\u00e9ticas viales, veredas, cercos perimetrales, cruces de calle, y los polideportivos de&nbsp;Catonas&nbsp;y Paso del Rey donde se construye el play\u00f3n\u201d. Por otro lado, a\u00f1ade la funcionaria, \u201cse desarrollan pol\u00edticas vinculadas a g\u00e9nero, violencia, salud, llevando promoci\u00f3n y prevenci\u00f3n a los barrios de Moreno\u201d.&nbsp;<\/p>\n\n\n\n<h4 class=\"wp-block-heading\">Potenciar Verde, una nueva l\u00ednea del Potenciar Trabajo<\/h4>\n\n\n\n<p>&nbsp; La administradora del IMDEL&nbsp;agrega&nbsp;que \u201cMoreno cuenta con parques agrarios agroecol\u00f3gicos que tienen distintos productores y productoras desde donde se impulsar\u00e1 Potenciar Verde\u201d, una nueva l\u00ednea de Potenciar Trabajo impulsado por la Secretar\u00eda de Econom\u00eda Social de la Naci\u00f3n presentada el pasado 24 de abril.&nbsp;El programa est\u00e1 dirigido a organizaciones gubernamentales y no gubernamentales, referentes en materia socio-ambiental de la ciudad, unidades productivas, grupos cooperativos, trabajadores y trabajadoras de la econom\u00eda popular que realicen actividades vinculadas a la&nbsp;restauraci\u00f3n de ecosistemas, la protecci\u00f3n comunitaria de \u00e1reas de conservaci\u00f3n y uso sustentable, reciclado&nbsp;para la salud, agroecolog\u00eda o&nbsp;ecomovilidad.&nbsp;<\/p>\n\n\n\n<figure class=\"wp-block-embed is-type-rich is-provider-twitter wp-block-embed-twitter\"><div class=\"wp-block-embed__wrapper\">\n<blockquote class=\"twitter-tweet\" data-width=\"550\" data-dnt=\"true\"><p lang=\"es\" dir=\"ltr\">Lanzamos Potenciar Empleo Verde, una l\u00ednea de <a href=\"https:\/\/twitter.com\/hashtag\/PotenciarTrabajo?src=hash&amp;ref_src=twsrc%5Etfw\">#PotenciarTrabajo<\/a> para impulsar pr\u00e1cticas sustentables y amigables con el ambiente. Permite generar condiciones de trabajo dignas, seguras y perdurables: <a href=\"https:\/\/t.co\/g2urkplNwr\">https:\/\/t.co\/g2urkplNwr<\/a> <a href=\"https:\/\/twitter.com\/hashtag\/ArgentinaUnida?src=hash&amp;ref_src=twsrc%5Etfw\">#ArgentinaUnida<\/a> <a href=\"https:\/\/t.co\/QHdEpYKyQw\">pic.twitter.com\/QHdEpYKyQw<\/a><\/p>&mdash; Ministerio de Desarrollo Social de la Naci\u00f3n (@MDSNacion) <a href=\"https:\/\/twitter.com\/MDSNacion\/status\/1386737536467415044?ref_src=twsrc%5Etfw\">April 26, 2021<\/a><\/blockquote><script async src=\"https:\/\/platform.twitter.com\/widgets.js\" charset=\"utf-8\"><\/script>\n<\/div><\/figure>\n\n\n\n<h4 class=\"wp-block-heading\">Potenciar Trabajo desde la mirada de una beneficiaria<\/h4>\n\n\n\n<p>&nbsp; Jennifer tiene 36 a\u00f1os y es beneficiara del programa. Para inscribirse tuvo que hacer una larga fila debido a la gran demanda de personas que pretend\u00edan acceder al programa, ahora trabaja junto a Delegaciones del Municipio.&nbsp; La vecina de Moreno Norte cuenta a Moreno primero que anteriormente se encontraba inscripta en el Programa \u201cEllas Hacen\u201d y prestaba servicios en la \u00abAsociaci\u00f3n Mutual Almas Fuertes\u00bb adem\u00e1s, gracias a ese programa realiz\u00f3 varias capacitaciones, entre ellas, productos de panader\u00eda y construcci\u00f3n de veredas.&nbsp;<\/p>\n\n\n\n<p>&nbsp; Jennifer explica, \u201ccon el programa no puedo vivir, porque tengo que mantener a mis 3 hijos\u201d y contin\u00faa, \u201c<strong>es una ayuda, como no son muchas horas me permite realizar ese trabajo y a la vez continuar con la venta de productos de panader\u00eda<\/strong>\u201d.&nbsp; Tambi\u00e9n, cuenta que su marido, Luis, tiene un taller mec\u00e1nico en su casa y se anot\u00f3 en el programa, lo llamaron y ahora trabaja, igual que Jennifer, en Delegaciones.&nbsp;<\/p>\n\n\n\n<p>&nbsp; &nbsp;La joven agradece la ayuda brindada por los dos programas y resalta que si hoy vende productos de panader\u00eda es gracias a las capacitaciones que pudo realizar, que tambi\u00e9n le sirven para poder realizar y desempe\u00f1arse en las tareas que realiza con el programa Potenciar Trabajo.&nbsp;<\/p>\n\n\n\n<figure class=\"wp-block-gallery columns-3 is-cropped wp-block-gallery-1 is-layout-flex wp-block-gallery-is-layout-flex\"><ul class=\"blocks-gallery-grid\"><li class=\"blocks-gallery-item\"><figure><a href=\"https:\/\/morenoprimero.com.ar\/wp-content\/uploads\/2021\/04\/Potenciar-5.jpg\"><img loading=\"lazy\" decoding=\"async\" width=\"774\" height=\"774\" src=\"https:\/\/morenoprimero.com.ar\/wp-content\/uploads\/2021\/04\/Potenciar-5.jpg\" alt=\"\" data-id=\"11365\" data-full-url=\"https:\/\/morenoprimero.com.ar\/wp-content\/uploads\/2021\/04\/Potenciar-5.jpg\" data-link=\"https:\/\/morenoprimero.com.ar\/?attachment_id=11365\" class=\"wp-image-11365\" srcset=\"https:\/\/morenoprimero.com.ar\/archivo\/wp-content\/uploads\/2021\/04\/Potenciar-5.jpg 774w, https:\/\/morenoprimero.com.ar\/archivo\/wp-content\/uploads\/2021\/04\/Potenciar-5-300x300.jpg 300w, https:\/\/morenoprimero.com.ar\/archivo\/wp-content\/uploads\/2021\/04\/Potenciar-5-150x150.jpg 150w, https:\/\/morenoprimero.com.ar\/archivo\/wp-content\/uploads\/2021\/04\/Potenciar-5-768x768.jpg 768w\" sizes=\"auto, (max-width: 774px) 100vw, 774px\" \/><\/a><\/figure><\/li><li class=\"blocks-gallery-item\"><figure><a href=\"https:\/\/morenoprimero.com.ar\/wp-content\/uploads\/2021\/04\/Potenciar-Trabajo-3.jpg\"><img loading=\"lazy\" decoding=\"async\" width=\"960\" height=\"960\" src=\"https:\/\/morenoprimero.com.ar\/wp-content\/uploads\/2021\/04\/Potenciar-Trabajo-3.jpg\" alt=\"\" data-id=\"11366\" data-full-url=\"https:\/\/morenoprimero.com.ar\/wp-content\/uploads\/2021\/04\/Potenciar-Trabajo-3.jpg\" data-link=\"https:\/\/morenoprimero.com.ar\/?attachment_id=11366\" class=\"wp-image-11366\" srcset=\"https:\/\/morenoprimero.com.ar\/archivo\/wp-content\/uploads\/2021\/04\/Potenciar-Trabajo-3.jpg 960w, https:\/\/morenoprimero.com.ar\/archivo\/wp-content\/uploads\/2021\/04\/Potenciar-Trabajo-3-300x300.jpg 300w, https:\/\/morenoprimero.com.ar\/archivo\/wp-content\/uploads\/2021\/04\/Potenciar-Trabajo-3-150x150.jpg 150w, https:\/\/morenoprimero.com.ar\/archivo\/wp-content\/uploads\/2021\/04\/Potenciar-Trabajo-3-768x768.jpg 768w\" sizes=\"auto, (max-width: 960px) 100vw, 960px\" \/><\/a><\/figure><\/li><li class=\"blocks-gallery-item\"><figure><a href=\"https:\/\/morenoprimero.com.ar\/wp-content\/uploads\/2021\/04\/Potenciar-Trabajo-5.jpg\"><img loading=\"lazy\" decoding=\"async\" width=\"1024\" height=\"1024\" src=\"https:\/\/morenoprimero.com.ar\/wp-content\/uploads\/2021\/04\/Potenciar-Trabajo-5-1024x1024.jpg\" alt=\"\" data-id=\"11367\" data-full-url=\"https:\/\/morenoprimero.com.ar\/wp-content\/uploads\/2021\/04\/Potenciar-Trabajo-5.jpg\" data-link=\"https:\/\/morenoprimero.com.ar\/?attachment_id=11367\" class=\"wp-image-11367\" srcset=\"https:\/\/morenoprimero.com.ar\/archivo\/wp-content\/uploads\/2021\/04\/Potenciar-Trabajo-5-1024x1024.jpg 1024w, https:\/\/morenoprimero.com.ar\/archivo\/wp-content\/uploads\/2021\/04\/Potenciar-Trabajo-5-300x300.jpg 300w, https:\/\/morenoprimero.com.ar\/archivo\/wp-content\/uploads\/2021\/04\/Potenciar-Trabajo-5-150x150.jpg 150w, https:\/\/morenoprimero.com.ar\/archivo\/wp-content\/uploads\/2021\/04\/Potenciar-Trabajo-5-768x768.jpg 768w, https:\/\/morenoprimero.com.ar\/archivo\/wp-content\/uploads\/2021\/04\/Potenciar-Trabajo-5.jpg 1080w\" sizes=\"auto, (max-width: 1024px) 100vw, 1024px\" \/><\/a><\/figure><\/li><li class=\"blocks-gallery-item\"><figure><a href=\"https:\/\/morenoprimero.com.ar\/wp-content\/uploads\/2021\/04\/Potenciar-trabajo-6.jpg\"><img loading=\"lazy\" decoding=\"async\" width=\"774\" height=\"580\" src=\"https:\/\/morenoprimero.com.ar\/wp-content\/uploads\/2021\/04\/Potenciar-trabajo-6.jpg\" alt=\"\" data-id=\"11368\" data-full-url=\"https:\/\/morenoprimero.com.ar\/wp-content\/uploads\/2021\/04\/Potenciar-trabajo-6.jpg\" data-link=\"https:\/\/morenoprimero.com.ar\/?attachment_id=11368\" class=\"wp-image-11368\" srcset=\"https:\/\/morenoprimero.com.ar\/archivo\/wp-content\/uploads\/2021\/04\/Potenciar-trabajo-6.jpg 774w, https:\/\/morenoprimero.com.ar\/archivo\/wp-content\/uploads\/2021\/04\/Potenciar-trabajo-6-300x225.jpg 300w, https:\/\/morenoprimero.com.ar\/archivo\/wp-content\/uploads\/2021\/04\/Potenciar-trabajo-6-768x576.jpg 768w\" sizes=\"auto, (max-width: 774px) 100vw, 774px\" \/><\/a><\/figure><\/li><\/ul><\/figure>\n","protected":false},"excerpt":{"rendered":"<p>El estado acompa\u00f1a los trabajos informales y potencia las condiciones de cada territorio, a futuro se pretende erradicar el trabajo informal, pero para eso hay que \u00absembrar los cimientos del futuro\u00bb. Estefan\u00eda de Dios, administradora del IMDEL explica que el &hellip; <a href=\"https:\/\/morenoprimero.com.ar\/archivo\/potenciar-trabajo-el-desarrollo-social-construido-desde-abajo-hacia-arriba\/\">Sigue leyendo <span class=\"meta-nav\">&rarr;<\/span><\/a><\/p>\n","protected":false},"author":6,"featured_media":11370,"comment_status":"open","ping_status":"open","sticky":false,"template":"","format":"standard","meta":{"footnotes":""},"categories":[27,20],"tags":[6,73],"class_list":["post-11338","post","type-post","status-publish","format-standard","has-post-thumbnail","hentry","category-politica","category-sociedad","tag-moreno","tag-potenciar-trabajo"],"_links":{"self":[{"href":"https:\/\/morenoprimero.com.ar\/archivo\/wp-json\/wp\/v2\/posts\/11338","targetHints":{"allow":["GET"]}}],"collection":[{"href":"https:\/\/morenoprimero.com.ar\/archivo\/wp-json\/wp\/v2\/posts"}],"about":[{"href":"https:\/\/morenoprimero.com.ar\/archivo\/wp-json\/wp\/v2\/types\/post"}],"author":[{"embeddable":true,"href":"https:\/\/morenoprimero.com.ar\/archivo\/wp-json\/wp\/v2\/users\/6"}],"replies":[{"embeddable":true,"href":"https:\/\/morenoprimero.com.ar\/archivo\/wp-json\/wp\/v2\/comments?post=11338"}],"version-history":[{"count":4,"href":"https:\/\/morenoprimero.com.ar\/archivo\/wp-json\/wp\/v2\/posts\/11338\/revisions"}],"predecessor-version":[{"id":11375,"href":"https:\/\/morenoprimero.com.ar\/archivo\/wp-json\/wp\/v2\/posts\/11338\/revisions\/11375"}],"wp:featuredmedia":[{"embeddable":true,"href":"https:\/\/morenoprimero.com.ar\/archivo\/wp-json\/wp\/v2\/media\/11370"}],"wp:attachment":[{"href":"https:\/\/morenoprimero.com.ar\/archivo\/wp-json\/wp\/v2\/media?parent=11338"}],"wp:term":[{"taxonomy":"category","embeddable":true,"href":"https:\/\/morenoprimero.com.ar\/archivo\/wp-json\/wp\/v2\/categories?post=11338"},{"taxonomy":"post_tag","embeddable":true,"href":"https:\/\/morenoprimero.com.ar\/archivo\/wp-json\/wp\/v2\/tags?post=11338"}],"curies":[{"name":"wp","href":"https:\/\/api.w.org\/{rel}","templated":true}]}}