{"id":11330,"date":"2021-04-28T18:46:30","date_gmt":"2021-04-28T18:46:30","guid":{"rendered":"https:\/\/morenoprimero.com.ar\/?p=11330"},"modified":"2021-04-28T18:46:30","modified_gmt":"2021-04-28T18:46:30","slug":"no-estas-sola-un-video-para-compartir-con-toda-la-comunidad","status":"publish","type":"post","link":"https:\/\/morenoprimero.com.ar\/archivo\/no-estas-sola-un-video-para-compartir-con-toda-la-comunidad\/","title":{"rendered":"NO EST\u00c1S SOLA: UN V\u00cdDEO PARA COMPARTIR CON TODA LA COMUNIDAD"},"content":{"rendered":"\n<h4 class=\"wp-block-heading\">Las promotoras de g\u00e9nero \u00abMicaela Garc\u00eda\u00bb de Paso del Rey realizaron un v\u00eddeo sin sonido para difundir entre las mujeres y comunidad LGBTIQ+ un mensaje con los contactos que brindan atenci\u00f3n en caso de violencia de g\u00e9nero. <\/h4>\n\n\n\n<p>Desde la Secretar\u00eda de Mujeres, g\u00e9neros y diversidades compartieron un v\u00eddeo sin sonido donde informan acerca de los tel\u00e9fonos de contacto para quien viva con su agresor o est\u00e9 sufriendo violencia de g\u00e9nero actualmente. <\/p>\n\n\n\n<p>Si sufr\u00eds violencia de g\u00e9nero comun\u00edcate al 144 o al 911.<\/p>\n\n\n\n<figure class=\"wp-block-video\"><video controls src=\"https:\/\/morenoprimero.com.ar\/wp-content\/uploads\/2021\/04\/WhatsApp-Video-2021-04-28-at-10.16.18-AM.mp4\"><\/video><\/figure>\n\n\n\n<p><\/p>\n","protected":false},"excerpt":{"rendered":"<p>Las promotoras de g\u00e9nero \u00abMicaela Garc\u00eda\u00bb de Paso del Rey realizaron un v\u00eddeo sin sonido para difundir entre las mujeres y comunidad LGBTIQ+ un mensaje con los contactos que brindan atenci\u00f3n en caso de violencia de g\u00e9nero. Desde la Secretar\u00eda &hellip; <a href=\"https:\/\/morenoprimero.com.ar\/archivo\/no-estas-sola-un-video-para-compartir-con-toda-la-comunidad\/\">Sigue leyendo <span class=\"meta-nav\">&rarr;<\/span><\/a><\/p>\n","protected":false},"author":6,"featured_media":11340,"comment_status":"open","ping_status":"open","sticky":false,"template":"","format":"standard","meta":{"footnotes":""},"categories":[536,20],"tags":[1010,253,612],"class_list":["post-11330","post","type-post","status-publish","format-standard","has-post-thumbnail","hentry","category-salud","category-sociedad","tag-moreno-sin-violencias","tag-paso-del-rey","tag-violencia-de-genero-2"],"_links":{"self":[{"href":"https:\/\/morenoprimero.com.ar\/archivo\/wp-json\/wp\/v2\/posts\/11330","targetHints":{"allow":["GET"]}}],"collection":[{"href":"https:\/\/morenoprimero.com.ar\/archivo\/wp-json\/wp\/v2\/posts"}],"about":[{"href":"https:\/\/morenoprimero.com.ar\/archivo\/wp-json\/wp\/v2\/types\/post"}],"author":[{"embeddable":true,"href":"https:\/\/morenoprimero.com.ar\/archivo\/wp-json\/wp\/v2\/users\/6"}],"replies":[{"embeddable":true,"href":"https:\/\/morenoprimero.com.ar\/archivo\/wp-json\/wp\/v2\/comments?post=11330"}],"version-history":[{"count":1,"href":"https:\/\/morenoprimero.com.ar\/archivo\/wp-json\/wp\/v2\/posts\/11330\/revisions"}],"predecessor-version":[{"id":11341,"href":"https:\/\/morenoprimero.com.ar\/archivo\/wp-json\/wp\/v2\/posts\/11330\/revisions\/11341"}],"wp:featuredmedia":[{"embeddable":true,"href":"https:\/\/morenoprimero.com.ar\/archivo\/wp-json\/wp\/v2\/media\/11340"}],"wp:attachment":[{"href":"https:\/\/morenoprimero.com.ar\/archivo\/wp-json\/wp\/v2\/media?parent=11330"}],"wp:term":[{"taxonomy":"category","embeddable":true,"href":"https:\/\/morenoprimero.com.ar\/archivo\/wp-json\/wp\/v2\/categories?post=11330"},{"taxonomy":"post_tag","embeddable":true,"href":"https:\/\/morenoprimero.com.ar\/archivo\/wp-json\/wp\/v2\/tags?post=11330"}],"curies":[{"name":"wp","href":"https:\/\/api.w.org\/{rel}","templated":true}]}}