{"id":11327,"date":"2021-04-28T13:21:02","date_gmt":"2021-04-28T13:21:02","guid":{"rendered":"https:\/\/morenoprimero.com.ar\/?p=11327"},"modified":"2021-04-28T13:21:02","modified_gmt":"2021-04-28T13:21:02","slug":"moreno-7-nuevas-muertes-asociadas-a-covid-19","status":"publish","type":"post","link":"https:\/\/morenoprimero.com.ar\/archivo\/moreno-7-nuevas-muertes-asociadas-a-covid-19\/","title":{"rendered":"MORENO: 7 NUEVAS MUERTES ASOCIADAS A COVID-19"},"content":{"rendered":"\n<h4 class=\"wp-block-heading\">  Las cifras corresponden al d\u00eda martes 27 de abril. Un d\u00eda antes, se registraron 12 defunciones por covid-19. Son casi 20 muertes en dos d\u00edas. <\/h4>\n\n\n\n<p>Al d\u00eda Martes 27 de abril, en Moreno hay&nbsp;<strong>398<\/strong>&nbsp;nuevos casos confirmados de coronavirus. En total son&nbsp;<strong>37.499<\/strong>&nbsp;casos desde el comienzo de la&nbsp;pandemia. Adem\u00e1s, con<strong>&nbsp;287<\/strong>&nbsp;casos recuperados, en total son&nbsp;<strong>28.938<\/strong>&nbsp;las personas que ya no portan el virus.&nbsp;&nbsp;&nbsp;<\/p>\n\n\n\n<p>&nbsp; Si bien el lunes 26 fue el d\u00eda que m\u00e1s fallecimientos se registraron \u2013un total de 12 personas- la cifra de defunciones asociadas a Covid-19 sigue alta. Con 7 personas fallecidas ayer martes, son 879 las defunciones en moreno desde el comienzo de la pandemia.&nbsp;<\/p>\n\n\n\n<p>&nbsp; Por su parte, la campa\u00f1a de vacunaci\u00f3n contin\u00faa en el distrito y se aplicaron&nbsp;<strong>71746<\/strong>&nbsp;dosis en total. Entre ellas,&nbsp;<strong>66.896<\/strong>&nbsp;corresponden a la primera dosis, mientras que<strong>&nbsp;4850<\/strong>&nbsp;corresponden a la segunda dosis.&nbsp;<\/p>\n","protected":false},"excerpt":{"rendered":"<p>Las cifras corresponden al d\u00eda martes 27 de abril. Un d\u00eda antes, se registraron 12 defunciones por covid-19. Son casi 20 muertes en dos d\u00edas. Al d\u00eda Martes 27 de abril, en Moreno hay&nbsp;398&nbsp;nuevos casos confirmados de coronavirus. En total &hellip; <a href=\"https:\/\/morenoprimero.com.ar\/archivo\/moreno-7-nuevas-muertes-asociadas-a-covid-19\/\">Sigue leyendo <span class=\"meta-nav\">&rarr;<\/span><\/a><\/p>\n","protected":false},"author":6,"featured_media":7677,"comment_status":"open","ping_status":"open","sticky":false,"template":"","format":"standard","meta":{"footnotes":""},"categories":[536],"tags":[702,94,6,17],"class_list":["post-11327","post","type-post","status-publish","format-standard","has-post-thumbnail","hentry","category-salud","tag-coronavirus-en-moreno","tag-covid-19","tag-moreno","tag-pandemia"],"_links":{"self":[{"href":"https:\/\/morenoprimero.com.ar\/archivo\/wp-json\/wp\/v2\/posts\/11327","targetHints":{"allow":["GET"]}}],"collection":[{"href":"https:\/\/morenoprimero.com.ar\/archivo\/wp-json\/wp\/v2\/posts"}],"about":[{"href":"https:\/\/morenoprimero.com.ar\/archivo\/wp-json\/wp\/v2\/types\/post"}],"author":[{"embeddable":true,"href":"https:\/\/morenoprimero.com.ar\/archivo\/wp-json\/wp\/v2\/users\/6"}],"replies":[{"embeddable":true,"href":"https:\/\/morenoprimero.com.ar\/archivo\/wp-json\/wp\/v2\/comments?post=11327"}],"version-history":[{"count":2,"href":"https:\/\/morenoprimero.com.ar\/archivo\/wp-json\/wp\/v2\/posts\/11327\/revisions"}],"predecessor-version":[{"id":11335,"href":"https:\/\/morenoprimero.com.ar\/archivo\/wp-json\/wp\/v2\/posts\/11327\/revisions\/11335"}],"wp:featuredmedia":[{"embeddable":true,"href":"https:\/\/morenoprimero.com.ar\/archivo\/wp-json\/wp\/v2\/media\/7677"}],"wp:attachment":[{"href":"https:\/\/morenoprimero.com.ar\/archivo\/wp-json\/wp\/v2\/media?parent=11327"}],"wp:term":[{"taxonomy":"category","embeddable":true,"href":"https:\/\/morenoprimero.com.ar\/archivo\/wp-json\/wp\/v2\/categories?post=11327"},{"taxonomy":"post_tag","embeddable":true,"href":"https:\/\/morenoprimero.com.ar\/archivo\/wp-json\/wp\/v2\/tags?post=11327"}],"curies":[{"name":"wp","href":"https:\/\/api.w.org\/{rel}","templated":true}]}}