{"id":11083,"date":"2021-04-23T12:47:33","date_gmt":"2021-04-23T12:47:33","guid":{"rendered":"https:\/\/morenoprimero.com.ar\/?p=11083"},"modified":"2021-04-23T12:47:33","modified_gmt":"2021-04-23T12:47:33","slug":"los-detalles-de-la-prohibicion-de-despidos-y-suspensiones-hasta-el-31-de-mayo","status":"publish","type":"post","link":"https:\/\/morenoprimero.com.ar\/archivo\/los-detalles-de-la-prohibicion-de-despidos-y-suspensiones-hasta-el-31-de-mayo\/","title":{"rendered":"LOS DETALLES DE LA PROHIBICI\u00d3N DE DESPIDOS Y SUSPENSIONES HASTA EL 31 DE MAYO"},"content":{"rendered":"\n<h4 class=\"wp-block-heading\">La medida se oficializ\u00f3 mediante la publicaci\u00f3n en el Bolet\u00edn Oficial del Decreto 266\/2021 que lleva las firmas del&nbsp;Presidente&nbsp;y de todo su gabinete.&nbsp;<\/h4>\n\n\n\n<p>&nbsp;<br><strong>El Gobierno nacional prorrog\u00f3 hasta el 31 de mayo de la prohibici\u00f3n de despidos o suspensiones \u00absin justa causa\u00bb o por \u00abfuerza mayor\u00bb<\/strong>, ante la emergencia sanitaria por la pandemia de coronavirus. La medida se oficializ\u00f3 mediante la publicaci\u00f3n en el Bolet\u00edn Oficial del&nbsp;<strong>Decreto 266\/2021<\/strong>.&nbsp;<br>&nbsp;<br>La norma, que lleva la firma del presidente Alberto Fern\u00e1ndez y de la totalidad del Gabinete nacional, tambi\u00e9n establece la pr\u00f3rroga hasta la misma fecha de la prohibici\u00f3n de efectuar suspensiones por las causales de \u00abfuerza mayor o falta o disminuci\u00f3n de trabajo\u00bb.&nbsp;<br>&nbsp;<br>El art\u00edculo 4 del decreto indica que<strong>&nbsp;los despidos y las suspensiones<\/strong>&nbsp;que se dispongan en violaci\u00f3n de lo dispuesto&nbsp;<strong>\u00abno producir\u00e1n efecto alguno, manteni\u00e9ndose vigentes las relaciones laborales existentes y sus condiciones actuales\u00bb<\/strong>.&nbsp;<br>&nbsp;<br>El texto puntualiza que la prohibici\u00f3n \u00abno\u00bb ser\u00e1 aplicable \u00aba las contrataciones celebradas con posterioridad a la entrada en vigencia del Decreto N\u00b0 34\/19 ni al Sector P\u00fablico Nacional definido en el art\u00edculo 8\u00b0 de la Ley N\u00b0 24.156 y sus modificatorias, con independencia del r\u00e9gimen jur\u00eddico al que se encuentre sujeto el personal de los organismos, ni a sociedades, empresas o entidades que lo integran\u00bb.&nbsp;<br>&nbsp;<br>&nbsp;<\/p>\n\n\n\n<blockquote class=\"wp-block-quote is-layout-flow wp-block-quote-is-layout-flow\"><p><em>\u00abLos despidos y las suspensiones que se dispongan en violaci\u00f3n de lo dispuesto no producir\u00e1n efecto alguno, manteni\u00e9ndose vigentes las relaciones laborales existentes y sus condiciones actuales\u00bb&nbsp;<\/em><\/p><\/blockquote>\n\n\n\n<p>&nbsp;<br>\u00abQuedan, asimismo, exceptuados o exceptuadas de las prohibiciones quienes se encuentren comprendidos o comprendidas en el r\u00e9gimen legal de trabajo para el personal de la industria de la construcci\u00f3n de la Ley&nbsp;N\u00ba&nbsp;22.250\u00bb, a\u00f1ade el texto.&nbsp;<\/p>\n\n\n\n<p>La pr\u00f3rroga rige tambi\u00e9n para los trabajadores \u00abdependientes incluidas e incluidos en el \u00e1mbito de aplicaci\u00f3n personal de la Ley N\u00b0 24.557 sobre Riesgos del Trabajo y que hayan prestado efectivamente tareas en sus lugares habituales, fuera de su domicilio particular\u00bb.&nbsp;<br>&nbsp;<br>El financiamiento de estas prestaciones ser\u00e1 imputado al Fondo Fiduciario de Enfermedades Profesionales creado mediante el Decreto N\u00b0 590\/97 ,&nbsp;y deber\u00e1 garantizarse el mantenimiento de una reserva m\u00ednima equivalente 10 % de los recursos, con el objeto de asistir el costo de cobertura prestacional de otras posibles enfermedades profesionales, seg\u00fan se determine en el futuro.&nbsp;<\/p>\n\n\n\n<p>INFO: T\u00e9lam<\/p>\n","protected":false},"excerpt":{"rendered":"<p>La medida se oficializ\u00f3 mediante la publicaci\u00f3n en el Bolet\u00edn Oficial del Decreto 266\/2021 que lleva las firmas del&nbsp;Presidente&nbsp;y de todo su gabinete.&nbsp; &nbsp;El Gobierno nacional prorrog\u00f3 hasta el 31 de mayo de la prohibici\u00f3n de despidos o suspensiones \u00absin &hellip; <a href=\"https:\/\/morenoprimero.com.ar\/archivo\/los-detalles-de-la-prohibicion-de-despidos-y-suspensiones-hasta-el-31-de-mayo\/\">Sigue leyendo <span class=\"meta-nav\">&rarr;<\/span><\/a><\/p>\n","protected":false},"author":6,"featured_media":11084,"comment_status":"open","ping_status":"open","sticky":false,"template":"","format":"standard","meta":{"footnotes":""},"categories":[1],"tags":[],"class_list":["post-11083","post","type-post","status-publish","format-standard","has-post-thumbnail","hentry","category-sin-categoria"],"_links":{"self":[{"href":"https:\/\/morenoprimero.com.ar\/archivo\/wp-json\/wp\/v2\/posts\/11083","targetHints":{"allow":["GET"]}}],"collection":[{"href":"https:\/\/morenoprimero.com.ar\/archivo\/wp-json\/wp\/v2\/posts"}],"about":[{"href":"https:\/\/morenoprimero.com.ar\/archivo\/wp-json\/wp\/v2\/types\/post"}],"author":[{"embeddable":true,"href":"https:\/\/morenoprimero.com.ar\/archivo\/wp-json\/wp\/v2\/users\/6"}],"replies":[{"embeddable":true,"href":"https:\/\/morenoprimero.com.ar\/archivo\/wp-json\/wp\/v2\/comments?post=11083"}],"version-history":[{"count":3,"href":"https:\/\/morenoprimero.com.ar\/archivo\/wp-json\/wp\/v2\/posts\/11083\/revisions"}],"predecessor-version":[{"id":11120,"href":"https:\/\/morenoprimero.com.ar\/archivo\/wp-json\/wp\/v2\/posts\/11083\/revisions\/11120"}],"wp:featuredmedia":[{"embeddable":true,"href":"https:\/\/morenoprimero.com.ar\/archivo\/wp-json\/wp\/v2\/media\/11084"}],"wp:attachment":[{"href":"https:\/\/morenoprimero.com.ar\/archivo\/wp-json\/wp\/v2\/media?parent=11083"}],"wp:term":[{"taxonomy":"category","embeddable":true,"href":"https:\/\/morenoprimero.com.ar\/archivo\/wp-json\/wp\/v2\/categories?post=11083"},{"taxonomy":"post_tag","embeddable":true,"href":"https:\/\/morenoprimero.com.ar\/archivo\/wp-json\/wp\/v2\/tags?post=11083"}],"curies":[{"name":"wp","href":"https:\/\/api.w.org\/{rel}","templated":true}]}}