{"id":10939,"date":"2021-04-20T13:00:54","date_gmt":"2021-04-20T13:00:54","guid":{"rendered":"https:\/\/morenoprimero.com.ar\/?p=10939"},"modified":"2021-04-20T13:00:55","modified_gmt":"2021-04-20T13:00:55","slug":"la-provincia-licito-una-importante-obra-vial-para-el-conurbano-bonaerense","status":"publish","type":"post","link":"https:\/\/morenoprimero.com.ar\/archivo\/la-provincia-licito-una-importante-obra-vial-para-el-conurbano-bonaerense\/","title":{"rendered":"LA PROVINCIA LICIT\u00d3 UNA IMPORTANTE OBRA VIAL PARA EL CONURBANO BONAERENSE"},"content":{"rendered":"\n<h4 class=\"wp-block-heading\">Se trata de la pavimentaci\u00f3n y construcci\u00f3n de segunda calzada de la Ruta 25, en Moreno.<\/h4>\n\n\n\n<p>La Direcci\u00f3n de Vialidad de la Provincia de Buenos Aires, dependiente de la <strong>Subsecretar\u00eda de Obras P\u00fablicas<\/strong>, licit\u00f3 la obra de pavimentaci\u00f3n y construcci\u00f3n de segunda calzada de la Ruta 25.<\/p>\n\n\n\n<p>\u201cContinuamos con la puesta en marcha del Plan Quinquenal, impulsado por el Gobernador Kicillof y el Ministro Simone, ya que la ejecuci\u00f3n de los trabajos que realizaremos en distintos puntos del territorio bonaerense mejorar\u00e1n la calidad de vida de las vecinas y los vecinos\u201d, explic\u00f3 el administrador de Vialidad, Gerardo Tarchinale, quien a su vez, a\u00f1adi\u00f3: \u201cEn este caso, <strong>las intervenciones generar\u00e1n beneficios en las zonas urbanas, comerciales y residenciales de Moreno<\/strong>\u201d.<\/p>\n\n\n\n<p>La intendenta del distrito,<strong> Mariel Fern\u00e1ndez<\/strong>, particip\u00f3 del acto mediante videoconferencia y manifest\u00f3: \u201c<strong>Estamos muy felices de poder licitar una obra tan relevante para nuestro municipio, teniendo en cuenta que optimizar\u00e1 la circulaci\u00f3n vehicular y brindar\u00e1 mayor seguridad vial para quienes transiten por dicha ruta<\/strong>\u201d.<\/p>\n\n\n\n<figure class=\"wp-block-image size-large is-resized\"><a href=\"https:\/\/morenoprimero.com.ar\/wp-content\/uploads\/2021\/04\/Mariel-Fernandez.jpeg\"><img loading=\"lazy\" decoding=\"async\" src=\"https:\/\/morenoprimero.com.ar\/wp-content\/uploads\/2021\/04\/Mariel-Fernandez-1024x681.jpeg\" alt=\"\" class=\"wp-image-10766\" width=\"302\" height=\"200\" srcset=\"https:\/\/morenoprimero.com.ar\/archivo\/wp-content\/uploads\/2021\/04\/Mariel-Fernandez-1024x681.jpeg 1024w, https:\/\/morenoprimero.com.ar\/archivo\/wp-content\/uploads\/2021\/04\/Mariel-Fernandez-300x200.jpeg 300w, https:\/\/morenoprimero.com.ar\/archivo\/wp-content\/uploads\/2021\/04\/Mariel-Fernandez-768x511.jpeg 768w, https:\/\/morenoprimero.com.ar\/archivo\/wp-content\/uploads\/2021\/04\/Mariel-Fernandez.jpeg 1093w\" sizes=\"auto, (max-width: 302px) 100vw, 302px\" \/><\/a><\/figure>\n\n\n\n<h4 class=\"wp-block-heading\">Detalle de los trabajos a realizar:<\/h4>\n\n\n\n<p><strong>El tramo donde se ejecutar\u00e1n las tareas es el que va desde la Avenida San Fernando hasta la Rotonda de intersecci\u00f3n de las Rutas 24 y 25<\/strong>, sobre una longitud de 1200 metros. A su vez, se repavimentar\u00e1 y ensanchar\u00e1 dicha rotonda.<\/p>\n\n\n\n<p><strong>La obra contempla la conformaci\u00f3n de banquinas, d\u00e1rsenas de acceso, egreso y giros, desag\u00fces pluviales, iluminaci\u00f3n, semaforizaci\u00f3n, y se\u00f1alizaci\u00f3n horizontal y vertical.<\/strong> El presupuesto oficial es de <strong>$ 229.672.903,66<\/strong> y se presentaron 9 ofertas.<\/p>\n\n\n\n<p>Del acto tambi\u00e9n participaron el gerente T\u00e9cnico de la Repartici\u00f3n, Pablo Morano; la subgerenta de Administraci\u00f3n, Clara Salerno; y representantes de las empresas oferentes.<\/p>\n","protected":false},"excerpt":{"rendered":"<p>Se trata de la pavimentaci\u00f3n y construcci\u00f3n de segunda calzada de la Ruta 25, en Moreno. La Direcci\u00f3n de Vialidad de la Provincia de Buenos Aires, dependiente de la Subsecretar\u00eda de Obras P\u00fablicas, licit\u00f3 la obra de pavimentaci\u00f3n y construcci\u00f3n &hellip; <a href=\"https:\/\/morenoprimero.com.ar\/archivo\/la-provincia-licito-una-importante-obra-vial-para-el-conurbano-bonaerense\/\">Sigue leyendo <span class=\"meta-nav\">&rarr;<\/span><\/a><\/p>\n","protected":false},"author":6,"featured_media":10941,"comment_status":"open","ping_status":"open","sticky":false,"template":"","format":"standard","meta":{"footnotes":""},"categories":[3,20],"tags":[520,276,6],"class_list":["post-10939","post","type-post","status-publish","format-standard","has-post-thumbnail","hentry","category-importantes","category-sociedad","tag-licitacion","tag-mariel-fernandez","tag-moreno"],"_links":{"self":[{"href":"https:\/\/morenoprimero.com.ar\/archivo\/wp-json\/wp\/v2\/posts\/10939","targetHints":{"allow":["GET"]}}],"collection":[{"href":"https:\/\/morenoprimero.com.ar\/archivo\/wp-json\/wp\/v2\/posts"}],"about":[{"href":"https:\/\/morenoprimero.com.ar\/archivo\/wp-json\/wp\/v2\/types\/post"}],"author":[{"embeddable":true,"href":"https:\/\/morenoprimero.com.ar\/archivo\/wp-json\/wp\/v2\/users\/6"}],"replies":[{"embeddable":true,"href":"https:\/\/morenoprimero.com.ar\/archivo\/wp-json\/wp\/v2\/comments?post=10939"}],"version-history":[{"count":2,"href":"https:\/\/morenoprimero.com.ar\/archivo\/wp-json\/wp\/v2\/posts\/10939\/revisions"}],"predecessor-version":[{"id":10944,"href":"https:\/\/morenoprimero.com.ar\/archivo\/wp-json\/wp\/v2\/posts\/10939\/revisions\/10944"}],"wp:featuredmedia":[{"embeddable":true,"href":"https:\/\/morenoprimero.com.ar\/archivo\/wp-json\/wp\/v2\/media\/10941"}],"wp:attachment":[{"href":"https:\/\/morenoprimero.com.ar\/archivo\/wp-json\/wp\/v2\/media?parent=10939"}],"wp:term":[{"taxonomy":"category","embeddable":true,"href":"https:\/\/morenoprimero.com.ar\/archivo\/wp-json\/wp\/v2\/categories?post=10939"},{"taxonomy":"post_tag","embeddable":true,"href":"https:\/\/morenoprimero.com.ar\/archivo\/wp-json\/wp\/v2\/tags?post=10939"}],"curies":[{"name":"wp","href":"https:\/\/api.w.org\/{rel}","templated":true}]}}