{"id":1093,"date":"2020-08-07T18:01:20","date_gmt":"2020-08-07T18:01:20","guid":{"rendered":"https:\/\/morenoprimero.com.ar\/?p=1093"},"modified":"2020-08-07T18:01:20","modified_gmt":"2020-08-07T18:01:20","slug":"en-el-dia-del-maratonista-el-recuerdo-de-la-gran-hazana-de-facundo-reales-orgullo-morenense","status":"publish","type":"post","link":"https:\/\/morenoprimero.com.ar\/archivo\/en-el-dia-del-maratonista-el-recuerdo-de-la-gran-hazana-de-facundo-reales-orgullo-morenense\/","title":{"rendered":"EN EL D\u00cdA DEL MARATONISTA, EL RECUERDO DE LA GRAN HAZA\u00d1A DE FACUNDO REALES: ORGULLO MORENENSE"},"content":{"rendered":"\n<h3 class=\"wp-block-heading\">&nbsp;Con 16 a\u00f1os de diferencia entre una carrera y otra, dos santafesinos ganaron la marat\u00f3n ol\u00edmpica el mismo d\u00eda, un 7 de agosto. Por eso, hoy es el d\u00eda del maratonista argentino.&nbsp;<\/h3>\n\n\n\n<p>&nbsp; Juan Carlos Zabala corri\u00f3 la marat\u00f3n ol\u00edmpica en Los&nbsp;Angeles, en 1932, y&nbsp;Delfo&nbsp;Cabrera lo hizo en Londres en 1848.&nbsp; Los dos son santafecinos y los dos vencieron a los ingleses.&nbsp;&nbsp;<\/p>\n\n\n\n<p>&nbsp;Juan Carlos Zabala se escap\u00f3 para terminar en solitario aventajando en 20&nbsp;segundos&nbsp;a Samuel Ferris&nbsp;de&nbsp;Gran Breta\u00f1a, mientras que&nbsp;Delfo&nbsp;Cabrera le arrebat\u00f3 la victoria a Thomas&nbsp;Richards, conciudadano de Ferris, sacandole&nbsp;s\u00f3lo algunas cent\u00e9simas de segundos. Ambos vencieron a los ingleses.&nbsp;<\/p>\n\n\n\n<p>\u00a0<strong> En Moreno, Facundo Reales nos representa con orgullo. En 2017 particip\u00f3 de \u201cLan\u00fas corre por Malvinas\u201d<\/strong>, una carrera de 10k. Al\u00a0principio\u00a0su intenci\u00f3n era quedar entre los cinco mejores. No s\u00f3lo qued\u00f3 entre los cinco, sino que fue el primero,<strong> y eso lo llev\u00f3 a correr en Malvinas.\u00a0<\/strong><\/p>\n\n\n\n<p>&nbsp; &nbsp; &nbsp;Facundo no ten\u00eda preparaci\u00f3n para este tipo de carreras largas. <strong>Totalmente comprometido con la causa, debut\u00f3 en las carreras de media distancia e hizo pretemporada en Cachi, en la provincia de salta.<\/strong> As\u00ed, sum\u00f3 la mayor cantidad de kil\u00f3metros posibles antes de Malvinas.&nbsp;<\/p>\n\n\n\n<p>&nbsp; En el marat\u00f3n conoci\u00f3 a Rafael Lencina, el tucumano que ya hab\u00eda ganado una carrera all\u00ed y que era la gran promesa junto al ingl\u00e9s Graham Rush.&nbsp;&nbsp;<\/p>\n\n\n\n<p>&nbsp;<strong> Finalmente, tras un largo recorrido y preparaci\u00f3n, al igual que Juan Carlos Zabala y&nbsp;Delfo&nbsp;Cabrera, Facundo Reales le sac\u00f3 ventaja al ingl\u00e9s en los \u00faltimos&nbsp;kil\u00f3metros, para luego ser el campe\u00f3n de la carrera.&nbsp;<\/strong><\/p>\n\n\n\n<p>\u00a0Reales volvi\u00f3 a correr en la competencia de Lan\u00fas con el mismo \u00e9xito que en la primera, gan\u00e1ndose el pase a Malvinas en 2019. Pese a dos lesiones que tuvo, y habiendo estado sin competencias de por medio, se qued\u00f3 con el segundo puesto y logr\u00f3 subir al podio nuevamente, un <strong>orgullo para el pueblo de moreno.\u00a0<\/strong>  <\/p>\n\n\n\n<p><\/p>\n","protected":false},"excerpt":{"rendered":"<p>&nbsp;Con 16 a\u00f1os de diferencia entre una carrera y otra, dos santafesinos ganaron la marat\u00f3n ol\u00edmpica el mismo d\u00eda, un 7 de agosto. Por eso, hoy es el d\u00eda del maratonista argentino.&nbsp; &nbsp; Juan Carlos Zabala corri\u00f3 la marat\u00f3n ol\u00edmpica &hellip; <a href=\"https:\/\/morenoprimero.com.ar\/archivo\/en-el-dia-del-maratonista-el-recuerdo-de-la-gran-hazana-de-facundo-reales-orgullo-morenense\/\">Sigue leyendo <span class=\"meta-nav\">&rarr;<\/span><\/a><\/p>\n","protected":false},"author":6,"featured_media":1096,"comment_status":"open","ping_status":"open","sticky":false,"template":"","format":"standard","meta":{"footnotes":""},"categories":[21,5,20],"tags":[379,371,380],"class_list":["post-1093","post","type-post","status-publish","format-standard","has-post-thumbnail","hentry","category-interes-general","category-recomendadas","category-sociedad","tag-dia-del-maratonista-argentino","tag-efemeride","tag-facundo-reales"],"_links":{"self":[{"href":"https:\/\/morenoprimero.com.ar\/archivo\/wp-json\/wp\/v2\/posts\/1093","targetHints":{"allow":["GET"]}}],"collection":[{"href":"https:\/\/morenoprimero.com.ar\/archivo\/wp-json\/wp\/v2\/posts"}],"about":[{"href":"https:\/\/morenoprimero.com.ar\/archivo\/wp-json\/wp\/v2\/types\/post"}],"author":[{"embeddable":true,"href":"https:\/\/morenoprimero.com.ar\/archivo\/wp-json\/wp\/v2\/users\/6"}],"replies":[{"embeddable":true,"href":"https:\/\/morenoprimero.com.ar\/archivo\/wp-json\/wp\/v2\/comments?post=1093"}],"version-history":[{"count":3,"href":"https:\/\/morenoprimero.com.ar\/archivo\/wp-json\/wp\/v2\/posts\/1093\/revisions"}],"predecessor-version":[{"id":1103,"href":"https:\/\/morenoprimero.com.ar\/archivo\/wp-json\/wp\/v2\/posts\/1093\/revisions\/1103"}],"wp:featuredmedia":[{"embeddable":true,"href":"https:\/\/morenoprimero.com.ar\/archivo\/wp-json\/wp\/v2\/media\/1096"}],"wp:attachment":[{"href":"https:\/\/morenoprimero.com.ar\/archivo\/wp-json\/wp\/v2\/media?parent=1093"}],"wp:term":[{"taxonomy":"category","embeddable":true,"href":"https:\/\/morenoprimero.com.ar\/archivo\/wp-json\/wp\/v2\/categories?post=1093"},{"taxonomy":"post_tag","embeddable":true,"href":"https:\/\/morenoprimero.com.ar\/archivo\/wp-json\/wp\/v2\/tags?post=1093"}],"curies":[{"name":"wp","href":"https:\/\/api.w.org\/{rel}","templated":true}]}}