{"id":10765,"date":"2021-04-14T12:28:03","date_gmt":"2021-04-14T12:28:03","guid":{"rendered":"https:\/\/morenoprimero.com.ar\/?p=10765"},"modified":"2021-04-22T02:26:32","modified_gmt":"2021-04-22T02:26:32","slug":"mensaje-de-la-intendenta-mariel-fernandez-a-las-vecinas-y-vecinos-de-moreno","status":"publish","type":"post","link":"https:\/\/morenoprimero.com.ar\/archivo\/mensaje-de-la-intendenta-mariel-fernandez-a-las-vecinas-y-vecinos-de-moreno\/","title":{"rendered":"MENSAJE DE LA INTENDENTA MARIEL FERN\u00c1NDEZ A LAS VECINAS Y VECINOS DE MORENO"},"content":{"rendered":"\n<h4 class=\"wp-block-heading\">  Ante el aumento exponencial de casos que enciende las alertas en el distrito de Moreno, con un promedio de 300 casos por d\u00eda y m\u00e1s de 800 muertes, la intendenta Mariel Fern\u00e1ndez grab\u00f3 un mensaje para los vecinos y vecinas de moreno, con el fin de concientizar.  \u00abNos quedan camas para 14 personas que est\u00e9n en estado grave de situaci\u00f3n\u00bb explic\u00f3 la intendenta.<\/h4>\n\n\n\n<h4 class=\"wp-block-heading\">El Mensaje<\/h4>\n\n\n\n<p>  Queridas vecinas y vecinos de Moreno, quer\u00eda poder grabarles este mensaje por la gran preocupaci\u00f3n que tenemos por la pandemia y por la cantidad de contagios que estamos teniendo en Moreno.<\/p>\n\n\n\n<p>Quiero que sepan que estamos en unos 300 contagios por d\u00eda, que ya van muriendo por Coronavirus unas 800 personas en Moreno. Yo quiero que ustedes se puedan mentalizar, imaginar, a esas 800 personas. Eran nuestros vecinos, eran nuestras vecinas, seguramente muchos familiares y conocidos de ustedes y ya no est\u00e1n.<\/p>\n\n\n\n<p>As\u00ed que por favor, queremos trabajar sobre el tema de que tomen conciencia de las medidas que tenemos que tomar, que son sencillas, es para prevenir, es para salvar vidas, es para que podamos conservar nuestra salud.<\/p>\n\n\n\n<p>Necesitamos que usen el barbijo, que les tape la nariz, que tape la boca, que cuando se visitan entre ustedes entre las familias no compartan el mate. Que cuando se juntan con amigos, no est\u00e9n compartiendo la gaseosa del pico de la botella, que no es este momento para estar junt\u00e1ndose en partidos de f\u00fatbol o en distintas pr\u00e1cticas que tengan que ver con concentraci\u00f3n de personas.<\/p>\n\n\n\n<p>Las cepas que est\u00e1n circulando evidentemente son mucho m\u00e1s contagiosas, que son un poco las que estamos viendo en la televisi\u00f3n porque va muy r\u00e1pido. Y les quiero contar que solamente en Moreno nos quedan 14 camas de terapia intensiva. \u00bfSe entiende? Nos quedan camas para 14 personas que est\u00e9n en estado grave por situaci\u00f3n de covid19.<\/p>\n\n\n\n<p>As\u00ed que les pedimos a ustedes, que tambi\u00e9n son responsables, que nos ayuden a que no se colapse nuestro sistema de salud y podamos seguir atendiendo a todos y todas. Sigamos cuid\u00e1ndonos.<\/p>\n\n\n\n<p>Seguimos haciendo Operativos Detectar. En cada localidad hay una sala de atenci\u00f3n primaria que se encarga de hacer hisopados y vamos a estar recorriendo todos los barrios para ayudar a que las personas tomen conciencia sobre la situaci\u00f3n que estamos viviendo.<\/p>\n\n\n\n<p>De esta pandemia salimos juntos, siendo responsables, y cuid\u00e1ndonos entre todos y todas.<\/p>\n\n\n\n<p>Muchas gracias.<\/p>\n\n\n\n<figure class=\"wp-block-embed is-type-video is-provider-youtube wp-block-embed-youtube wp-embed-aspect-16-9 wp-has-aspect-ratio\"><div class=\"wp-block-embed__wrapper\">\n<iframe loading=\"lazy\" title=\"MENSAJE DE LA INTENDENTA MARIEL FERN\u00c1NDEZ A LAS VECINAS Y VECINOS DE MORENO\" width=\"584\" height=\"329\" src=\"https:\/\/www.youtube.com\/embed\/svG2dIUA6lE?feature=oembed\" frameborder=\"0\" allow=\"accelerometer; autoplay; clipboard-write; encrypted-media; gyroscope; picture-in-picture; web-share\" referrerpolicy=\"strict-origin-when-cross-origin\" allowfullscreen><\/iframe>\n<\/div><\/figure>\n","protected":false},"excerpt":{"rendered":"<p>Ante el aumento exponencial de casos que enciende las alertas en el distrito de Moreno, con un promedio de 300 casos por d\u00eda y m\u00e1s de 800 muertes, la intendenta Mariel Fern\u00e1ndez grab\u00f3 un mensaje para los vecinos y vecinas &hellip; <a href=\"https:\/\/morenoprimero.com.ar\/archivo\/mensaje-de-la-intendenta-mariel-fernandez-a-las-vecinas-y-vecinos-de-moreno\/\">Sigue leyendo <span class=\"meta-nav\">&rarr;<\/span><\/a><\/p>\n","protected":false},"author":6,"featured_media":10766,"comment_status":"open","ping_status":"open","sticky":false,"template":"","format":"standard","meta":{"footnotes":""},"categories":[27,536,20],"tags":[702,94,276,17],"class_list":["post-10765","post","type-post","status-publish","format-standard","has-post-thumbnail","hentry","category-politica","category-salud","category-sociedad","tag-coronavirus-en-moreno","tag-covid-19","tag-mariel-fernandez","tag-pandemia"],"_links":{"self":[{"href":"https:\/\/morenoprimero.com.ar\/archivo\/wp-json\/wp\/v2\/posts\/10765","targetHints":{"allow":["GET"]}}],"collection":[{"href":"https:\/\/morenoprimero.com.ar\/archivo\/wp-json\/wp\/v2\/posts"}],"about":[{"href":"https:\/\/morenoprimero.com.ar\/archivo\/wp-json\/wp\/v2\/types\/post"}],"author":[{"embeddable":true,"href":"https:\/\/morenoprimero.com.ar\/archivo\/wp-json\/wp\/v2\/users\/6"}],"replies":[{"embeddable":true,"href":"https:\/\/morenoprimero.com.ar\/archivo\/wp-json\/wp\/v2\/comments?post=10765"}],"version-history":[{"count":1,"href":"https:\/\/morenoprimero.com.ar\/archivo\/wp-json\/wp\/v2\/posts\/10765\/revisions"}],"predecessor-version":[{"id":10767,"href":"https:\/\/morenoprimero.com.ar\/archivo\/wp-json\/wp\/v2\/posts\/10765\/revisions\/10767"}],"wp:featuredmedia":[{"embeddable":true,"href":"https:\/\/morenoprimero.com.ar\/archivo\/wp-json\/wp\/v2\/media\/10766"}],"wp:attachment":[{"href":"https:\/\/morenoprimero.com.ar\/archivo\/wp-json\/wp\/v2\/media?parent=10765"}],"wp:term":[{"taxonomy":"category","embeddable":true,"href":"https:\/\/morenoprimero.com.ar\/archivo\/wp-json\/wp\/v2\/categories?post=10765"},{"taxonomy":"post_tag","embeddable":true,"href":"https:\/\/morenoprimero.com.ar\/archivo\/wp-json\/wp\/v2\/tags?post=10765"}],"curies":[{"name":"wp","href":"https:\/\/api.w.org\/{rel}","templated":true}]}}