{"id":10742,"date":"2021-04-13T17:46:42","date_gmt":"2021-04-13T17:46:42","guid":{"rendered":"https:\/\/morenoprimero.com.ar\/?p=10742"},"modified":"2021-04-13T18:55:46","modified_gmt":"2021-04-13T18:55:46","slug":"mariel-fernandez-en-moreno-quedan-14-camas-de-terapia-intensiva","status":"publish","type":"post","link":"https:\/\/morenoprimero.com.ar\/archivo\/mariel-fernandez-en-moreno-quedan-14-camas-de-terapia-intensiva\/","title":{"rendered":"MARIEL FERN\u00c1NDEZ: EN MORENO QUEDAN 14 CAMAS DE TERAPIA INTENSIVA"},"content":{"rendered":"\n<h4 class=\"wp-block-heading\">&nbsp;En el Municipio de Moreno hay 57.784 casos confirmados de Covid-19 y est\u00e1 por alcanzar las 800 defunciones asociadas al virus. Mariel Fern\u00e1ndez comparte la visi\u00f3n de diferentes funcionarios y funcionarias municipales y provinciales: hay que aplicar medidas m\u00e1s restrictivas y concientizar.&nbsp;<\/h4>\n\n\n\n<p>&nbsp; El jefe de gabinete bonaerense Carlos Bianco anunci\u00f3 que \u201cen cualquier momento se pueden definir medidas m\u00e1s restrictivas\u201d debido al \u201ctsunami\u201d de casos confirmados de Covid-19.&nbsp;<\/p>\n\n\n\n<p>&nbsp; En conferencia de prensa junto al ministro de Salud de la provincia, Daniel&nbsp;Goll\u00e1n, explic\u00f3 que est\u00e1n \u201cmonitoreando la situaci\u00f3n d\u00eda por d\u00eda, la ocupaci\u00f3n de camas y el&nbsp;aumento&nbsp;de los casos\u201d.&nbsp;<\/p>\n\n\n\n<p>&nbsp; Con todo, el jefe de Gabinete expuso que<strong>&nbsp;\u00absi no es en coordinaci\u00f3n con el Gobierno nacional y CABA, el impacto se limita, por lo&nbsp;<\/strong><strong>tanto<\/strong><strong>&nbsp;la primera ocupaci\u00f3n es siempre consensuar medidas\u00bb<\/strong>&nbsp;<\/p>\n\n\n\n<p><strong>\u00abSi es necesario tomar alguna restricci\u00f3n adicional, lo vamos a hacer antes del 30 de abril\u00bb,&nbsp;<\/strong>reiter\u00f3, y apunt\u00f3: \u201cojal\u00e1 no lo tengamos que hacer porque empiezan a caer los casos y porque no se saturan las camas\u201d.&nbsp;<\/p>\n\n\n\n<figure class=\"wp-block-embed is-type-rich is-provider-twitter wp-block-embed-twitter\"><div class=\"wp-block-embed__wrapper\">\n<blockquote class=\"twitter-tweet\" data-width=\"550\" data-dnt=\"true\"><p lang=\"es\" dir=\"ltr\">Junto al ministro <a href=\"https:\/\/twitter.com\/DrDanielGollan?ref_src=twsrc%5Etfw\">@DrDanielGollan<\/a> brindamos la conferencia de prensa sobre la situaci\u00f3n epidemiol\u00f3gica y el estado del sistema de fases, en una semana preocupante por el tsunami de casos en la provincia. <a href=\"https:\/\/t.co\/Fe193zN4q3\">pic.twitter.com\/Fe193zN4q3<\/a><\/p>&mdash; Carli Bianco (@Carli_Bianco) <a href=\"https:\/\/twitter.com\/Carli_Bianco\/status\/1382001447823405062?ref_src=twsrc%5Etfw\">April 13, 2021<\/a><\/blockquote><script async src=\"https:\/\/platform.twitter.com\/widgets.js\" charset=\"utf-8\"><\/script>\n<\/div><\/figure>\n\n\n\n<p>&nbsp;Por su parte,&nbsp;Goll\u00e1n&nbsp;indic\u00f3 en relaci\u00f3n al nivel de camas ocupadas que \u201ctodav\u00eda hay espacio para hacer derivaciones, pero al ritmo actual de crecimientos de casos, podr\u00eda complicarse y hacerse cada vez m\u00e1s dif\u00edcil\u00bb y detall\u00f3 que \u201cl<strong>a enorme mayor\u00eda de los que se est\u00e1n internando son las personas m\u00e1s j\u00f3venes, las de 18 a 59 a\u00f1os\u201d<\/strong>, y agreg\u00f3 que \u201cno s\u00f3lo se internan, sino que hay casos graves en terapia\u201d&nbsp;<\/p>\n\n\n\n<h4 class=\"wp-block-heading\">Moreno&nbsp;<\/h4>\n\n\n\n<figure class=\"wp-block-image size-large\"><a href=\"https:\/\/morenoprimero.com.ar\/wp-content\/uploads\/2021\/04\/MF.jpeg\"><img loading=\"lazy\" decoding=\"async\" width=\"1024\" height=\"682\" src=\"https:\/\/morenoprimero.com.ar\/wp-content\/uploads\/2021\/04\/MF-1024x682.jpeg\" alt=\"\" class=\"wp-image-10746\" srcset=\"https:\/\/morenoprimero.com.ar\/archivo\/wp-content\/uploads\/2021\/04\/MF-1024x682.jpeg 1024w, https:\/\/morenoprimero.com.ar\/archivo\/wp-content\/uploads\/2021\/04\/MF-300x200.jpeg 300w, https:\/\/morenoprimero.com.ar\/archivo\/wp-content\/uploads\/2021\/04\/MF-768x512.jpeg 768w, https:\/\/morenoprimero.com.ar\/archivo\/wp-content\/uploads\/2021\/04\/MF.jpeg 1280w\" sizes=\"auto, (max-width: 1024px) 100vw, 1024px\" \/><\/a><\/figure>\n\n\n\n<p>&nbsp; La situaci\u00f3n epidemiol\u00f3gica en Moreno es preocupante. Con 262 nuevos contagios registrados el 12 de abril, son 31.892 casos confirmados de Covid-19, desde el inicio de la pandemia.&nbsp;&nbsp;<\/p>\n\n\n\n<p>&nbsp; En total son 24.569 los casos recuperados, mientras que, con 3 fallecimientos en el d\u00eda de ayer, ya son 796 los decesos asociados al virus.&nbsp;<\/p>\n\n\n\n<p>&nbsp; En declaraciones a C5N, la intendenta <strong>Mariel Fern\u00e1ndez asegur\u00f3: \u201cNosotros queremos medidas m\u00e1s restrictivas, hoy hable con el gobernador sobre esta preocupaci\u00f3n porque el momento de tomar las medidas es ahora\u201d y agreg\u00f3, \u201cen Moreno quedan 14 camas de terapia intensiva disponibles\u201d.&nbsp;<\/strong><\/p>\n\n\n\n<blockquote class=\"wp-block-quote is-layout-flow wp-block-quote-is-layout-flow\"><p>Estamos trabajando en los barrios sobre la concientizaci\u00f3n, reorganizando todos los comit\u00e9s que ten\u00edamos armados, y yendo casa por casa reforzando la concientizaci\u00f3n de las vecinas y los vecinos\u201d.&nbsp;<\/p><cite>Mariel Fern\u00e1ndez.<\/cite><\/blockquote>\n\n\n\n<p>&nbsp; Adem\u00e1s, la intendenta indic\u00f3 que desde el municipio \u201c<strong>Estamos trabajando en los barrios sobre la concientizaci\u00f3n, reorganizando todos los comit\u00e9s que ten\u00edamos armados, y yendo casa por casa reforzando la concientizaci\u00f3n de las vecinas y los vecinos\u201d.&nbsp;<\/strong><\/p>\n\n\n\n<p>&nbsp; &nbsp;Fuentes Municipales informan que ya se aplicaron 57.784 vacunas contra el Covid-19&nbsp;en Moreno. Entre ellas, 53.031 corresponden a la primera dosis y 4.753 a la segunda.&nbsp;<\/p>\n","protected":false},"excerpt":{"rendered":"<p>&nbsp;En el Municipio de Moreno hay 57.784 casos confirmados de Covid-19 y est\u00e1 por alcanzar las 800 defunciones asociadas al virus. Mariel Fern\u00e1ndez comparte la visi\u00f3n de diferentes funcionarios y funcionarias municipales y provinciales: hay que aplicar medidas m\u00e1s restrictivas &hellip; <a href=\"https:\/\/morenoprimero.com.ar\/archivo\/mariel-fernandez-en-moreno-quedan-14-camas-de-terapia-intensiva\/\">Sigue leyendo <span class=\"meta-nav\">&rarr;<\/span><\/a><\/p>\n","protected":false},"author":6,"featured_media":9195,"comment_status":"open","ping_status":"open","sticky":false,"template":"","format":"standard","meta":{"footnotes":""},"categories":[3,536,20],"tags":[1298,702,94,919,276,23,2028],"class_list":["post-10742","post","type-post","status-publish","format-standard","has-post-thumbnail","hentry","category-importantes","category-salud","category-sociedad","tag-carlos-bianco","tag-coronavirus-en-moreno","tag-covid-19","tag-daniel-gollan","tag-mariel-fernandez","tag-salud","tag-segunda-ola"],"_links":{"self":[{"href":"https:\/\/morenoprimero.com.ar\/archivo\/wp-json\/wp\/v2\/posts\/10742","targetHints":{"allow":["GET"]}}],"collection":[{"href":"https:\/\/morenoprimero.com.ar\/archivo\/wp-json\/wp\/v2\/posts"}],"about":[{"href":"https:\/\/morenoprimero.com.ar\/archivo\/wp-json\/wp\/v2\/types\/post"}],"author":[{"embeddable":true,"href":"https:\/\/morenoprimero.com.ar\/archivo\/wp-json\/wp\/v2\/users\/6"}],"replies":[{"embeddable":true,"href":"https:\/\/morenoprimero.com.ar\/archivo\/wp-json\/wp\/v2\/comments?post=10742"}],"version-history":[{"count":2,"href":"https:\/\/morenoprimero.com.ar\/archivo\/wp-json\/wp\/v2\/posts\/10742\/revisions"}],"predecessor-version":[{"id":10750,"href":"https:\/\/morenoprimero.com.ar\/archivo\/wp-json\/wp\/v2\/posts\/10742\/revisions\/10750"}],"wp:featuredmedia":[{"embeddable":true,"href":"https:\/\/morenoprimero.com.ar\/archivo\/wp-json\/wp\/v2\/media\/9195"}],"wp:attachment":[{"href":"https:\/\/morenoprimero.com.ar\/archivo\/wp-json\/wp\/v2\/media?parent=10742"}],"wp:term":[{"taxonomy":"category","embeddable":true,"href":"https:\/\/morenoprimero.com.ar\/archivo\/wp-json\/wp\/v2\/categories?post=10742"},{"taxonomy":"post_tag","embeddable":true,"href":"https:\/\/morenoprimero.com.ar\/archivo\/wp-json\/wp\/v2\/tags?post=10742"}],"curies":[{"name":"wp","href":"https:\/\/api.w.org\/{rel}","templated":true}]}}