{"id":10551,"date":"2021-04-08T17:44:51","date_gmt":"2021-04-08T17:44:51","guid":{"rendered":"https:\/\/morenoprimero.com.ar\/?p=10551"},"modified":"2021-04-08T17:44:52","modified_gmt":"2021-04-08T17:44:52","slug":"que-restricciones-afectan-a-moreno","status":"publish","type":"post","link":"https:\/\/morenoprimero.com.ar\/archivo\/que-restricciones-afectan-a-moreno\/","title":{"rendered":"\u00bfQU\u00c9 RESTRICCIONES AFECTAN A MORENO?"},"content":{"rendered":"\n<h4 class=\"wp-block-heading\">El gobierno de Buenos Aires anunci\u00f3 qu\u00e9 medidas adoptar\u00e1n los diferentes municipios de acuerdo a la fase que est\u00e9n cursando. La comunidad morenense se deber\u00e1 adaptar a las medidas correspondientes para los distritos en fase 3 debido al aumento de casos de coronavirus.<\/h4>\n\n\n\n<p>Debido a la segunda de coronavirus, la provincia adoptar\u00e1 una serie de restricciones relacionadas a la circulaci\u00f3n de personas, reuniones sociales y actividades en salones de fiestas, pr\u00e1cticas deportivas y uso de transporte s\u00f3lo para trabajadores esenciales. En ese sentido, Moreno super\u00f3 los 30 mil contagios por COVID-19, por este motivo es que el distrito se encuentra en <strong>fase 3 <\/strong>y deber\u00e1 adoptar las siguientes restricciones a continuaci\u00f3n:<\/p>\n\n\n\n<ul class=\"wp-block-list\"><li>Cierre de comercios en general entre las 20.00 y las 06.00 hs.<\/li><li>Cierre de locales de gastronom\u00eda entre las 23.00 y las 06.00 hs.<\/li><li>Prohibici\u00f3n de circular entre las 00.00 y las 06.00 hs.<\/li><li>Suspensi\u00f3n de viajes grupales de egresados\/as, de estudio y de grupos tur\u00edsticos.<\/li><li>Suspensi\u00f3n de actividades sociales en domicilios particulares.<\/li><li>Suspensi\u00f3n de reuniones sociales en espacios p\u00fablicos al aire libre de m\u00e1s de 20 personas.<\/li><li>Suspensi\u00f3n de actividades en casinos, bingos, discotecas o cualquier sal\u00f3n de fiestas.<\/li><li>Suspensi\u00f3n de la pr\u00e1ctica recreativa de cualquier deporte en lugares cerrados donde participen m\u00e1s de 10 personas.<\/li><li>S\u00f3lo podr\u00e1n usar el transporte p\u00fablico de pasajeros trabajadores considerados esenciales, la comunidad educativa y aquellos que ya fueron expresamente autorizados.<\/li><\/ul>\n\n\n\n<p>En el caso de la <strong>producci\u00f3n agropecuaria, industrias manufactureras, servicios y construcci\u00f3n privada<\/strong><br>continuar\u00e1n en actividad con protocolos y transporte propio. Por otro lado, <strong>en relaci\u00f3n a la educaci\u00f3n, continuar\u00e1 la modalidad actual, con presencialidad y complemento a distancia (cuadernillos, ATR).<\/strong><\/p>\n\n\n\n<p>Las medidas adoptadas estar\u00e1n vigentes <strong>desde este viernes 9 de abril hasta el 30 de abril de 2021.<\/strong> <\/p>\n\n\n\n<p><\/p>\n\n\n\n<p><\/p>\n","protected":false},"excerpt":{"rendered":"<p>El gobierno de Buenos Aires anunci\u00f3 qu\u00e9 medidas adoptar\u00e1n los diferentes municipios de acuerdo a la fase que est\u00e9n cursando. La comunidad morenense se deber\u00e1 adaptar a las medidas correspondientes para los distritos en fase 3 debido al aumento de &hellip; <a href=\"https:\/\/morenoprimero.com.ar\/archivo\/que-restricciones-afectan-a-moreno\/\">Sigue leyendo <span class=\"meta-nav\">&rarr;<\/span><\/a><\/p>\n","protected":false},"author":6,"featured_media":10557,"comment_status":"open","ping_status":"open","sticky":false,"template":"","format":"standard","meta":{"footnotes":""},"categories":[27,20],"tags":[60,2070],"class_list":["post-10551","post","type-post","status-publish","format-standard","has-post-thumbnail","hentry","category-politica","category-sociedad","tag-provincia-de-buenos-aires","tag-restricciones-en-moreno"],"_links":{"self":[{"href":"https:\/\/morenoprimero.com.ar\/archivo\/wp-json\/wp\/v2\/posts\/10551","targetHints":{"allow":["GET"]}}],"collection":[{"href":"https:\/\/morenoprimero.com.ar\/archivo\/wp-json\/wp\/v2\/posts"}],"about":[{"href":"https:\/\/morenoprimero.com.ar\/archivo\/wp-json\/wp\/v2\/types\/post"}],"author":[{"embeddable":true,"href":"https:\/\/morenoprimero.com.ar\/archivo\/wp-json\/wp\/v2\/users\/6"}],"replies":[{"embeddable":true,"href":"https:\/\/morenoprimero.com.ar\/archivo\/wp-json\/wp\/v2\/comments?post=10551"}],"version-history":[{"count":1,"href":"https:\/\/morenoprimero.com.ar\/archivo\/wp-json\/wp\/v2\/posts\/10551\/revisions"}],"predecessor-version":[{"id":10558,"href":"https:\/\/morenoprimero.com.ar\/archivo\/wp-json\/wp\/v2\/posts\/10551\/revisions\/10558"}],"wp:featuredmedia":[{"embeddable":true,"href":"https:\/\/morenoprimero.com.ar\/archivo\/wp-json\/wp\/v2\/media\/10557"}],"wp:attachment":[{"href":"https:\/\/morenoprimero.com.ar\/archivo\/wp-json\/wp\/v2\/media?parent=10551"}],"wp:term":[{"taxonomy":"category","embeddable":true,"href":"https:\/\/morenoprimero.com.ar\/archivo\/wp-json\/wp\/v2\/categories?post=10551"},{"taxonomy":"post_tag","embeddable":true,"href":"https:\/\/morenoprimero.com.ar\/archivo\/wp-json\/wp\/v2\/tags?post=10551"}],"curies":[{"name":"wp","href":"https:\/\/api.w.org\/{rel}","templated":true}]}}