{"id":10529,"date":"2021-04-08T17:45:04","date_gmt":"2021-04-08T17:45:04","guid":{"rendered":"https:\/\/morenoprimero.com.ar\/?p=10529"},"modified":"2021-04-08T17:45:06","modified_gmt":"2021-04-08T17:45:06","slug":"axel-kicillof-se-lucha-una-guerra-contra-el-coronavirus","status":"publish","type":"post","link":"https:\/\/morenoprimero.com.ar\/archivo\/axel-kicillof-se-lucha-una-guerra-contra-el-coronavirus\/","title":{"rendered":"AXEL KICILLOF: \u00abSE LUCHA UNA GUERRA CONTRA EL CORONAVIRUS\u00bb"},"content":{"rendered":"\n<h4 class=\"wp-block-heading\">El gobernador de Buenos Aires anunci\u00f3 c\u00f3mo se adecuar\u00e1 la provincia a las restricciones comunicadas ayer por el presidente de la naci\u00f3n, destac\u00f3 la vacunaci\u00f3n que se est\u00e1 llevando contra el coronavirus y c\u00f3mo actuar\u00e1 frente a los incumplimientos, entre otras medidas. <\/h4>\n\n\n\n<p>El gobernador Axel Kicillof  anunci\u00f3 c\u00f3mo se adherir\u00e1 la provincia a las restricciones expresadas por el presidente de la naci\u00f3n y explic\u00f3 cu\u00e1les son los motivos por los cuales se \u00ablucha una guerra contra el coronavirus\u00bb, lo comunic\u00f3 a trav\u00e9s de una conferencia de prensa virtual junto a Carlos Bianco, Jefe de Gabinete y al Vicemininistro de salud, Nicol\u00e1s Kreplak.<\/p>\n\n\n\n<p>El mandatario defendi\u00f3 las restricciones anunciadas por el presidente el mi\u00e9rcoles por la tarde y expres\u00f3 que ser\u00e1n \u00abacatadas al pie de la letra\u00bb adapt\u00e1ndolas al sistema de fases que cursa cada municipio. Por un lado, los municipios que tengan menos contagios como los que se encuentren en<strong> fase 5<\/strong> tendr\u00e1n que <strong>restringir la circulaci\u00f3n de 2 a 6 de la ma\u00f1ana<\/strong>, en el caso de los que cursen la <strong>fase 4<\/strong> circular\u00e1n de <strong>0 a 6 am<\/strong> y los que se encuentren en<strong> fase 3<\/strong> deber\u00e1n<strong> cerrar sus locales gastron\u00f3micos de 23 a 6 am <\/strong>mientras que los <strong>comercios generales<\/strong> deber\u00e1n cerrar de <strong>20 a 06 <\/strong>horas.<\/p>\n\n\n\n<p>Adem\u00e1s mencion\u00f3 que la provincia establecer\u00e1 severas multas para los incumplimientos y se\u00f1al\u00f3 que habr\u00e1 estacionamiento libre en los lugares c\u00e9ntricos porque <strong>habr\u00e1 limitaciones de transportes en las zonas m\u00e1s afectadas<\/strong> y destac\u00f3 la campa\u00f1a de vacunaci\u00f3n contra el coronavirus que se est\u00e1 llevando a cabo. En ese sentido, <strong>sostuvo que el 51 % de las y los trabajadores de la educaci\u00f3n inscriptos han sido inoculados junto al 90% trabajadorxs de la salud, destacando tambi\u00e9n que hasta el momento se vacun\u00f3 al 65% de las y los mayores de 70 a\u00f1os registrados.<\/strong><\/p>\n\n\n\n<p>Por otro lado, se\u00f1al\u00f3 que el logro de que no falte ninguna cama en terapia intensiva durante el primer a\u00f1o de pandemia \u00abest\u00e1 en peligro\u00bb y que si no se toman las medidas necesarias los contagios crecer\u00e1n. Cabe destacar que el viceministro Nicol\u00e1s Kreplak explic\u00f3, el mi\u00e9rcoles en una reuni\u00f3n virtual junto con Daniel Goll\u00e1n, el gobernador e intendentxs, que <strong>\u201ctodos los distritos del AMBA est\u00e1n mostrando un crecimiento importante de los contagios<\/strong>\u201d y \u201cest\u00e1 aumentando la utilizaci\u00f3n de camas de terapia intensiva\u201d.<\/p>\n\n\n\n<p>Es importante aclarar que, s\u00f3lo las y los trabajadores esenciales y de la comunidad educativa podr\u00e1n utilizar el transporte p\u00fablico y las actividades en casinos, bingos, boliches, salones de fiestas, reuniones en casas particulares, viajes grupales de egresadxs, estudio o tur\u00edsticos ser\u00e1n suspendidas y estar\u00e1n vigentes desde este viernes hasta el 30 de Abril inclusive.<\/p>\n\n\n\n<p><\/p>\n\n\n\n<p> <\/p>\n","protected":false},"excerpt":{"rendered":"<p>El gobernador de Buenos Aires anunci\u00f3 c\u00f3mo se adecuar\u00e1 la provincia a las restricciones comunicadas ayer por el presidente de la naci\u00f3n, destac\u00f3 la vacunaci\u00f3n que se est\u00e1 llevando contra el coronavirus y c\u00f3mo actuar\u00e1 frente a los incumplimientos, entre &hellip; <a href=\"https:\/\/morenoprimero.com.ar\/archivo\/axel-kicillof-se-lucha-una-guerra-contra-el-coronavirus\/\">Sigue leyendo <span class=\"meta-nav\">&rarr;<\/span><\/a><\/p>\n","protected":false},"author":6,"featured_media":10538,"comment_status":"open","ping_status":"open","sticky":false,"template":"","format":"standard","meta":{"footnotes":""},"categories":[27,536,20],"tags":[132,60,2004,2028],"class_list":["post-10529","post","type-post","status-publish","format-standard","has-post-thumbnail","hentry","category-politica","category-salud","category-sociedad","tag-axel-kicillof","tag-provincia-de-buenos-aires","tag-restricciones","tag-segunda-ola"],"_links":{"self":[{"href":"https:\/\/morenoprimero.com.ar\/archivo\/wp-json\/wp\/v2\/posts\/10529","targetHints":{"allow":["GET"]}}],"collection":[{"href":"https:\/\/morenoprimero.com.ar\/archivo\/wp-json\/wp\/v2\/posts"}],"about":[{"href":"https:\/\/morenoprimero.com.ar\/archivo\/wp-json\/wp\/v2\/types\/post"}],"author":[{"embeddable":true,"href":"https:\/\/morenoprimero.com.ar\/archivo\/wp-json\/wp\/v2\/users\/6"}],"replies":[{"embeddable":true,"href":"https:\/\/morenoprimero.com.ar\/archivo\/wp-json\/wp\/v2\/comments?post=10529"}],"version-history":[{"count":2,"href":"https:\/\/morenoprimero.com.ar\/archivo\/wp-json\/wp\/v2\/posts\/10529\/revisions"}],"predecessor-version":[{"id":10541,"href":"https:\/\/morenoprimero.com.ar\/archivo\/wp-json\/wp\/v2\/posts\/10529\/revisions\/10541"}],"wp:featuredmedia":[{"embeddable":true,"href":"https:\/\/morenoprimero.com.ar\/archivo\/wp-json\/wp\/v2\/media\/10538"}],"wp:attachment":[{"href":"https:\/\/morenoprimero.com.ar\/archivo\/wp-json\/wp\/v2\/media?parent=10529"}],"wp:term":[{"taxonomy":"category","embeddable":true,"href":"https:\/\/morenoprimero.com.ar\/archivo\/wp-json\/wp\/v2\/categories?post=10529"},{"taxonomy":"post_tag","embeddable":true,"href":"https:\/\/morenoprimero.com.ar\/archivo\/wp-json\/wp\/v2\/tags?post=10529"}],"curies":[{"name":"wp","href":"https:\/\/api.w.org\/{rel}","templated":true}]}}