{"id":10474,"date":"2021-04-07T15:38:30","date_gmt":"2021-04-07T15:38:30","guid":{"rendered":"https:\/\/morenoprimero.com.ar\/?p=10474"},"modified":"2021-04-07T15:38:30","modified_gmt":"2021-04-07T15:38:30","slug":"encontraron-a-tamara-gutierrez","status":"publish","type":"post","link":"https:\/\/morenoprimero.com.ar\/archivo\/encontraron-a-tamara-gutierrez\/","title":{"rendered":"ENCONTRARON A TAMARA GUTI\u00c9RREZ"},"content":{"rendered":"\n<h4 class=\"wp-block-heading\">Se trata de la joven de 33 a\u00f1os que cursaba su \u00faltimo mes de embarazo y desapareci\u00f3 el 20 de marzo en General Rodr\u00edguez. <\/h4>\n\n\n\n<p>Apareci\u00f3<strong> Tamara Guti\u00e9rrez<\/strong>, la joven de 33 a\u00f1os que se encontraba desaparecida desde el 20 de marzo en General Rodr\u00edguez y cursaba su \u00faltimo mes de embarazo. <\/p>\n\n\n\n<p>Cabe aclarar, que es importante que <strong>se borren los flyers en donde figuraban datos de su paradero<\/strong> para no generar confusiones entre la comunidad morenense. <\/p>\n\n\n\n<p>Info: Municipio de Moreno prensa. <\/p>\n","protected":false},"excerpt":{"rendered":"<p>Se trata de la joven de 33 a\u00f1os que cursaba su \u00faltimo mes de embarazo y desapareci\u00f3 el 20 de marzo en General Rodr\u00edguez. Apareci\u00f3 Tamara Guti\u00e9rrez, la joven de 33 a\u00f1os que se encontraba desaparecida desde el 20 de &hellip; <a href=\"https:\/\/morenoprimero.com.ar\/archivo\/encontraron-a-tamara-gutierrez\/\">Sigue leyendo <span class=\"meta-nav\">&rarr;<\/span><\/a><\/p>\n","protected":false},"author":6,"featured_media":10482,"comment_status":"open","ping_status":"open","sticky":false,"template":"","format":"standard","meta":{"footnotes":""},"categories":[20],"tags":[2064,6],"class_list":["post-10474","post","type-post","status-publish","format-standard","has-post-thumbnail","hentry","category-sociedad","tag-aparecio-tamara","tag-moreno"],"_links":{"self":[{"href":"https:\/\/morenoprimero.com.ar\/archivo\/wp-json\/wp\/v2\/posts\/10474","targetHints":{"allow":["GET"]}}],"collection":[{"href":"https:\/\/morenoprimero.com.ar\/archivo\/wp-json\/wp\/v2\/posts"}],"about":[{"href":"https:\/\/morenoprimero.com.ar\/archivo\/wp-json\/wp\/v2\/types\/post"}],"author":[{"embeddable":true,"href":"https:\/\/morenoprimero.com.ar\/archivo\/wp-json\/wp\/v2\/users\/6"}],"replies":[{"embeddable":true,"href":"https:\/\/morenoprimero.com.ar\/archivo\/wp-json\/wp\/v2\/comments?post=10474"}],"version-history":[{"count":1,"href":"https:\/\/morenoprimero.com.ar\/archivo\/wp-json\/wp\/v2\/posts\/10474\/revisions"}],"predecessor-version":[{"id":10483,"href":"https:\/\/morenoprimero.com.ar\/archivo\/wp-json\/wp\/v2\/posts\/10474\/revisions\/10483"}],"wp:featuredmedia":[{"embeddable":true,"href":"https:\/\/morenoprimero.com.ar\/archivo\/wp-json\/wp\/v2\/media\/10482"}],"wp:attachment":[{"href":"https:\/\/morenoprimero.com.ar\/archivo\/wp-json\/wp\/v2\/media?parent=10474"}],"wp:term":[{"taxonomy":"category","embeddable":true,"href":"https:\/\/morenoprimero.com.ar\/archivo\/wp-json\/wp\/v2\/categories?post=10474"},{"taxonomy":"post_tag","embeddable":true,"href":"https:\/\/morenoprimero.com.ar\/archivo\/wp-json\/wp\/v2\/tags?post=10474"}],"curies":[{"name":"wp","href":"https:\/\/api.w.org\/{rel}","templated":true}]}}