{"id":10377,"date":"2021-04-05T17:12:09","date_gmt":"2021-04-05T17:12:09","guid":{"rendered":"https:\/\/morenoprimero.com.ar\/?p=10377"},"modified":"2021-04-05T17:12:09","modified_gmt":"2021-04-05T17:12:09","slug":"quedo-firme-el-procesamiento-y-el-embargo-al-joven-que-fue-con-covid-a-una-fiesta-de-15","status":"publish","type":"post","link":"https:\/\/morenoprimero.com.ar\/archivo\/quedo-firme-el-procesamiento-y-el-embargo-al-joven-que-fue-con-covid-a-una-fiesta-de-15\/","title":{"rendered":"QUED\u00d3 FIRME EL PROCESAMIENTO Y EL EMBARGO AL JOVEN QUE FUE CON COVID A UNA FIESTA DE 15"},"content":{"rendered":"\n<h4 class=\"wp-block-heading\">Eric Torales fue con coronavirus a un cumplea\u00f1os de 15 apenas regres\u00f3 de Estados Unidos el 14 de marzo de 2020. Durante el evento resultaron contagiados 19 invitados, entre los que estaba su abuelo, quien falleci\u00f3 d\u00edas despu\u00e9s a causa de la enfermedad.<\/h4>\n\n\n\n<p>La C\u00e1mara Federal de Casaci\u00f3n&nbsp;<strong>dej\u00f3 firme el procesamiento y embargo por 50 millones de pesos a Eric Torales,<\/strong>&nbsp;el joven que fue con coronavirus a un cumplea\u00f1os de 15 apenas regres\u00f3 de Estados Unidos el 14 de marzo de 2020.<\/p>\n\n\n\n<p>El m\u00e1ximo tribunal penal federal del pa\u00eds rechaz\u00f3 dos recursos de queja de la defensa del procesado de 26 a\u00f1os, quien tiene pedido fiscal para ser enjuiciado por \u00abpropagaci\u00f3n culposa de una enfermedad peligrosa y contagiosa\u00bb agravada por \u00abhaber resultado en enfermedad y muerte\u00bb, informaron a T\u00e9lam fuentes judiciales.<\/p>\n\n\n\n<p>La sala I de Casaci\u00f3n rechaz\u00f3 las quejas contra la confirmaci\u00f3n del procesamiento por parte de la C\u00e1mara Federal de Apelaciones de San Mart\u00edn, el 9 de noviembre del a\u00f1o pasado y el embargo de 50 millones de pesos que se le fij\u00f3.<\/p>\n\n\n\n<p>Los camaristas de Casaci\u00f3n Ana Maria Figueroa, Daniel Petrone y Diego Barroetave\u00f1a rechazaron adem\u00e1s otro planteo de nulidad de ese procesamiento.<\/p>\n\n\n\n<p><strong>Torales tiene pedido de env\u00edo a juicio oral por parte de la fiscal\u00eda federal de Mor\u00f3n<\/strong>,<strong>&nbsp;por lo ocurrido en la fiesta de 15 cuando habr\u00edan resultado contagiados 19 invitados, entre ellos su abuelo, que falleci\u00f3.<\/strong><\/p>\n\n\n\n<p>\u00abTeniendo en cuenta que se encuentra debidamente verificado que el imputado viol\u00f3 el aislamiento obligatorio que deb\u00eda cumplir en virtud de lo dispuesto por el DNU 260\/2020, considero que tambi\u00e9n deber\u00e1 responder por el delito de violaci\u00f3n de medidas adoptadas por las autoridades competentes para impedir la introducci\u00f3n o propagaci\u00f3n de una pandemia\u00bb, concluy\u00f3 el fiscal Santiago Marquevich en el requerimiento de elevaci\u00f3n a juicio.<\/p>\n\n\n\n<p><strong>El abuelo de Torales muri\u00f3 el 1 de abril de 2020 por coronavirus.<\/strong><\/p>\n\n\n\n<blockquote class=\"wp-block-quote is-layout-flow wp-block-quote-is-layout-flow\"><p>Torales tiene pedido fiscal para ser enjuiciado por \u00abpropagaci\u00f3n culposa de una enfermedad peligrosa y contagiosa\u00bb<\/p><\/blockquote>\n\n\n\n<p>La denuncia fue presentada por la intendenta de Moreno, Mariel Fern\u00e1ndez, porque en esa jurisdicci\u00f3n tuvo lugar la fiesta y d\u00edas despu\u00e9s, el 19 de marzo, el SAME recibi\u00f3 las primeras cinco llamadas de invitados con s\u00edntomas.<\/p>\n\n\n\n<p><strong>Torales viaj\u00f3 a Estados Unidos el 25 de febrero de 2020 y regres\u00f3 el 13 de marzo, cuando se le inform\u00f3 que deb\u00eda aislarse por volver de un pa\u00eds que, en ese momento, era considerado \u00abzona afectada por el coronavirus\u00bb.<\/strong><\/p>\n\n\n\n<p><strong>El imputado fue al cumplea\u00f1os y, dos d\u00edas despu\u00e9s, concurri\u00f3 con s\u00edntomas a una cl\u00ednica del barrio porte\u00f1o de Belgrano, donde se confirm\u00f3 el diagn\u00f3stico de coronavirus positivo.<\/strong><\/p>\n\n\n\n<p>INFO: T\u00e9lam.<\/p>\n","protected":false},"excerpt":{"rendered":"<p>Eric Torales fue con coronavirus a un cumplea\u00f1os de 15 apenas regres\u00f3 de Estados Unidos el 14 de marzo de 2020. Durante el evento resultaron contagiados 19 invitados, entre los que estaba su abuelo, quien falleci\u00f3 d\u00edas despu\u00e9s a causa &hellip; <a href=\"https:\/\/morenoprimero.com.ar\/archivo\/quedo-firme-el-procesamiento-y-el-embargo-al-joven-que-fue-con-covid-a-una-fiesta-de-15\/\">Sigue leyendo <span class=\"meta-nav\">&rarr;<\/span><\/a><\/p>\n","protected":false},"author":6,"featured_media":10379,"comment_status":"open","ping_status":"open","sticky":false,"template":"","format":"standard","meta":{"footnotes":""},"categories":[8,20],"tags":[183,94,17],"class_list":["post-10377","post","type-post","status-publish","format-standard","has-post-thumbnail","hentry","category-policiales","category-sociedad","tag-contagio-masivo","tag-covid-19","tag-pandemia"],"_links":{"self":[{"href":"https:\/\/morenoprimero.com.ar\/archivo\/wp-json\/wp\/v2\/posts\/10377","targetHints":{"allow":["GET"]}}],"collection":[{"href":"https:\/\/morenoprimero.com.ar\/archivo\/wp-json\/wp\/v2\/posts"}],"about":[{"href":"https:\/\/morenoprimero.com.ar\/archivo\/wp-json\/wp\/v2\/types\/post"}],"author":[{"embeddable":true,"href":"https:\/\/morenoprimero.com.ar\/archivo\/wp-json\/wp\/v2\/users\/6"}],"replies":[{"embeddable":true,"href":"https:\/\/morenoprimero.com.ar\/archivo\/wp-json\/wp\/v2\/comments?post=10377"}],"version-history":[{"count":1,"href":"https:\/\/morenoprimero.com.ar\/archivo\/wp-json\/wp\/v2\/posts\/10377\/revisions"}],"predecessor-version":[{"id":10380,"href":"https:\/\/morenoprimero.com.ar\/archivo\/wp-json\/wp\/v2\/posts\/10377\/revisions\/10380"}],"wp:featuredmedia":[{"embeddable":true,"href":"https:\/\/morenoprimero.com.ar\/archivo\/wp-json\/wp\/v2\/media\/10379"}],"wp:attachment":[{"href":"https:\/\/morenoprimero.com.ar\/archivo\/wp-json\/wp\/v2\/media?parent=10377"}],"wp:term":[{"taxonomy":"category","embeddable":true,"href":"https:\/\/morenoprimero.com.ar\/archivo\/wp-json\/wp\/v2\/categories?post=10377"},{"taxonomy":"post_tag","embeddable":true,"href":"https:\/\/morenoprimero.com.ar\/archivo\/wp-json\/wp\/v2\/tags?post=10377"}],"curies":[{"name":"wp","href":"https:\/\/api.w.org\/{rel}","templated":true}]}}