{"id":10353,"date":"2021-04-05T12:08:16","date_gmt":"2021-04-05T12:08:16","guid":{"rendered":"https:\/\/morenoprimero.com.ar\/?p=10353"},"modified":"2021-04-05T12:08:16","modified_gmt":"2021-04-05T12:08:16","slug":"detuvieron-al-homicida-del-subteniente-quiroga-en-moreno","status":"publish","type":"post","link":"https:\/\/morenoprimero.com.ar\/archivo\/detuvieron-al-homicida-del-subteniente-quiroga-en-moreno\/","title":{"rendered":"DETUVIERON AL HOMICIDA DEL SUBTENIENTE QUIROGA EN MORENO"},"content":{"rendered":"\n<h4 class=\"wp-block-heading\">  El delincuente capturado por la polic\u00eda tiene 20 a\u00f1os. Las heridas encontradas en su mano coinciden con la declaraci\u00f3n de un testigo que se\u00f1al\u00f3 que un delincuente hab\u00eda sido herido en esa zona del cuerpo. Contin\u00faa la intensa b\u00fasqueda del segundo delincuente que iba a bordo de la moto.<\/h4>\n\n\n\n<p>&nbsp;&nbsp;<strong>La polic\u00eda detuvo al autor material del homicidio de H\u00e9ctor Gabriel Quiroga,<\/strong>&nbsp;un polic\u00eda bonaerense que prestaba servicio en la comisar\u00eda 6ta de Moreno y tambi\u00e9n era guardia en el hospital de Moreno.&nbsp;<\/p>\n\n\n\n<p>&nbsp;&nbsp;<strong>El delincuente fue detenido en Barrio Sat\u00e9lite<\/strong>. Se trata de un hombre de&nbsp;<strong>20 a\u00f1os<\/strong>&nbsp;de edad de apellido Echenique.&nbsp;&nbsp;<\/p>\n\n\n\n<p>\u00a0 Se lo identific\u00f3 a partir de las im\u00e1genes del Centro de Monitoreo Municipal de Moreno, y la conexi\u00f3n con la declaraci\u00f3n del testigo ocular del hecho que se\u00f1al\u00f3 que el mismo hab\u00eda sido herido en una mano, en el enfrentamiento con la v\u00edctima.\u00a0\u00a0<\/p>\n\n\n\n<figure class=\"wp-block-gallery columns-2 is-cropped wp-block-gallery-1 is-layout-flex wp-block-gallery-is-layout-flex\"><ul class=\"blocks-gallery-grid\"><li class=\"blocks-gallery-item\"><figure><a href=\"https:\/\/morenoprimero.com.ar\/wp-content\/uploads\/2021\/04\/1-2-1024x576.jpeg\"><img loading=\"lazy\" decoding=\"async\" width=\"1024\" height=\"576\" src=\"https:\/\/morenoprimero.com.ar\/wp-content\/uploads\/2021\/04\/1-2-1024x576.jpeg\" alt=\"\" data-id=\"10355\" class=\"wp-image-10355\" srcset=\"https:\/\/morenoprimero.com.ar\/archivo\/wp-content\/uploads\/2021\/04\/1-2-1024x576.jpeg 1024w, https:\/\/morenoprimero.com.ar\/archivo\/wp-content\/uploads\/2021\/04\/1-2-300x169.jpeg 300w, https:\/\/morenoprimero.com.ar\/archivo\/wp-content\/uploads\/2021\/04\/1-2-768x432.jpeg 768w, https:\/\/morenoprimero.com.ar\/archivo\/wp-content\/uploads\/2021\/04\/1-2.jpeg 1280w\" sizes=\"auto, (max-width: 1024px) 100vw, 1024px\" \/><\/a><\/figure><\/li><li class=\"blocks-gallery-item\"><figure><a href=\"https:\/\/morenoprimero.com.ar\/wp-content\/uploads\/2021\/04\/2-2.jpeg\"><img loading=\"lazy\" decoding=\"async\" width=\"1024\" height=\"576\" src=\"https:\/\/morenoprimero.com.ar\/wp-content\/uploads\/2021\/04\/2-2-1024x576.jpeg\" alt=\"\" data-id=\"10356\" data-full-url=\"https:\/\/morenoprimero.com.ar\/wp-content\/uploads\/2021\/04\/2-2.jpeg\" data-link=\"https:\/\/morenoprimero.com.ar\/?attachment_id=10356\" class=\"wp-image-10356\" srcset=\"https:\/\/morenoprimero.com.ar\/archivo\/wp-content\/uploads\/2021\/04\/2-2-1024x576.jpeg 1024w, https:\/\/morenoprimero.com.ar\/archivo\/wp-content\/uploads\/2021\/04\/2-2-300x169.jpeg 300w, https:\/\/morenoprimero.com.ar\/archivo\/wp-content\/uploads\/2021\/04\/2-2-768x432.jpeg 768w, https:\/\/morenoprimero.com.ar\/archivo\/wp-content\/uploads\/2021\/04\/2-2.jpeg 1280w\" sizes=\"auto, (max-width: 1024px) 100vw, 1024px\" \/><\/a><\/figure><\/li><\/ul><\/figure>\n\n\n\n<p>\u00a0\u00a0<strong>Echenique fue apresado a las 19 horas del domingo, y se comprobaron las heridas en la mano.<\/strong>\u00a0Contin\u00faa la intensa b\u00fasqueda de qui\u00e9n iba con el homicida en la moto, que ya se encuentra identificado.\u00a0<\/p>\n\n\n\n<figure class=\"wp-block-embed is-type-video is-provider-youtube wp-block-embed-youtube wp-embed-aspect-16-9 wp-has-aspect-ratio\"><div class=\"wp-block-embed__wrapper\">\n<iframe loading=\"lazy\" title=\"C\u00e1maras del Centro de Monitoreo Municipal de Moreno siguen al asesino del polic\u00eda Bonaerense\" width=\"584\" height=\"329\" src=\"https:\/\/www.youtube.com\/embed\/mxp_SikBQ3Q?feature=oembed\" frameborder=\"0\" allow=\"accelerometer; autoplay; clipboard-write; encrypted-media; gyroscope; picture-in-picture; web-share\" referrerpolicy=\"strict-origin-when-cross-origin\" allowfullscreen><\/iframe>\n<\/div><\/figure>\n\n\n\n<h4 class=\"wp-block-heading\">&nbsp; El robo&nbsp;<\/h4>\n\n\n\n<p>&nbsp;&nbsp;<strong>El subteniente Quiroga se encontraba vestido de civil por ser su d\u00eda de franco<\/strong>. Al ingresar a su domicilio, fue abordado por dos delincuentes a bordo de una moto y se desata un enfrentamiento armado.&nbsp;&nbsp;<\/p>\n\n\n\n<p>&nbsp;&nbsp;<strong>La v\u00edctima recibi\u00f3 dos impactos en el pecho que le provocaron la muerte.<\/strong>&nbsp;El hecho ocurri\u00f3 pasadas las nueve de la noche del pasado s\u00e1bado en la esquina de Larreta y El Gorri\u00f3n.&nbsp;<\/p>\n\n\n\n<p>&nbsp; La polic\u00eda dispuso un<strong>&nbsp;operativo cerrojo en la zona para tratar de localizar a los dos delincuentes que se movilizaban en una&nbsp;moto negra.<\/strong>&nbsp;<\/p>\n","protected":false},"excerpt":{"rendered":"<p>El delincuente capturado por la polic\u00eda tiene 20 a\u00f1os. Las heridas encontradas en su mano coinciden con la declaraci\u00f3n de un testigo que se\u00f1al\u00f3 que un delincuente hab\u00eda sido herido en esa zona del cuerpo. Contin\u00faa la intensa b\u00fasqueda del &hellip; <a href=\"https:\/\/morenoprimero.com.ar\/archivo\/detuvieron-al-homicida-del-subteniente-quiroga-en-moreno\/\">Sigue leyendo <span class=\"meta-nav\">&rarr;<\/span><\/a><\/p>\n","protected":false},"author":6,"featured_media":10357,"comment_status":"open","ping_status":"open","sticky":false,"template":"","format":"standard","meta":{"footnotes":""},"categories":[3,8],"tags":[1040,1396,110,31],"class_list":["post-10353","post","type-post","status-publish","format-standard","has-post-thumbnail","hentry","category-importantes","category-policiales","tag-arma-de-fuego","tag-barrio-satelite","tag-delincuentes","tag-policia"],"_links":{"self":[{"href":"https:\/\/morenoprimero.com.ar\/archivo\/wp-json\/wp\/v2\/posts\/10353","targetHints":{"allow":["GET"]}}],"collection":[{"href":"https:\/\/morenoprimero.com.ar\/archivo\/wp-json\/wp\/v2\/posts"}],"about":[{"href":"https:\/\/morenoprimero.com.ar\/archivo\/wp-json\/wp\/v2\/types\/post"}],"author":[{"embeddable":true,"href":"https:\/\/morenoprimero.com.ar\/archivo\/wp-json\/wp\/v2\/users\/6"}],"replies":[{"embeddable":true,"href":"https:\/\/morenoprimero.com.ar\/archivo\/wp-json\/wp\/v2\/comments?post=10353"}],"version-history":[{"count":1,"href":"https:\/\/morenoprimero.com.ar\/archivo\/wp-json\/wp\/v2\/posts\/10353\/revisions"}],"predecessor-version":[{"id":10358,"href":"https:\/\/morenoprimero.com.ar\/archivo\/wp-json\/wp\/v2\/posts\/10353\/revisions\/10358"}],"wp:featuredmedia":[{"embeddable":true,"href":"https:\/\/morenoprimero.com.ar\/archivo\/wp-json\/wp\/v2\/media\/10357"}],"wp:attachment":[{"href":"https:\/\/morenoprimero.com.ar\/archivo\/wp-json\/wp\/v2\/media?parent=10353"}],"wp:term":[{"taxonomy":"category","embeddable":true,"href":"https:\/\/morenoprimero.com.ar\/archivo\/wp-json\/wp\/v2\/categories?post=10353"},{"taxonomy":"post_tag","embeddable":true,"href":"https:\/\/morenoprimero.com.ar\/archivo\/wp-json\/wp\/v2\/tags?post=10353"}],"curies":[{"name":"wp","href":"https:\/\/api.w.org\/{rel}","templated":true}]}}