{"id":10216,"date":"2021-03-30T17:12:36","date_gmt":"2021-03-30T17:12:36","guid":{"rendered":"https:\/\/morenoprimero.com.ar\/?p=10216"},"modified":"2021-03-30T17:12:36","modified_gmt":"2021-03-30T17:12:36","slug":"conmocion-en-moreno-por-la-muerte-de-un-medico","status":"publish","type":"post","link":"https:\/\/morenoprimero.com.ar\/archivo\/conmocion-en-moreno-por-la-muerte-de-un-medico\/","title":{"rendered":"CONMOCI\u00d3N EN MORENO POR LA MUERTE DE UN M\u00c9DICO"},"content":{"rendered":"\n<h4 class=\"wp-block-heading\">  El enfermero, referente del Comit\u00e9 de Control y Prevenci\u00f3n de Infecciones que funciona en el Hospital de Moreno, era muy querido por la comunidad del Mariano y Luciano de la Vega. Emmanuel \u00c1lvarez coment\u00f3 a trav\u00e9s de las redes sociales que muri\u00f3 de forma \u00absorpresiva e incomprensible\u00bb.<\/h4>\n\n\n\n<p>  Jos\u00e9 Jopia era el enfermero referente del Comit\u00e9 de Control y Prevenci\u00f3n de Infecciones del Hospital de Moreno. El joven m\u00e9dico falleci\u00f3 el pasado fin de semana.<\/p>\n\n\n\n<p>  El director del hospital Mariano y Luciano de la Vega, <a rel=\"noreferrer noopener\" href=\"https:\/\/www.facebook.com\/emmanuel.alvarez.3557\/posts\/1850784708420501\" target=\"_blank\">Emmanuel Fern\u00e1ndez, explic\u00f3 en sus redes sociales<\/a>&nbsp; que Jos\u00e9 \u00abfalleci\u00f3 en forma sorpresiva e incompresible\u00bb y a\u00f1adi\u00f3, \u00abno se muri\u00f3 de Covid pero, quiz\u00e1s si, nos lo llev\u00f3 la pandemia. Se lo llev\u00f3 la entrega y amor que le puso siempre, pero sobre todo este \u00faltimo a\u00f1o.\u00bb<\/p>\n\n\n\n<p>  Adem\u00e1s, \u00c1lvarez se\u00f1al\u00f3 el trabajo incansable del enfermero y asegur\u00f3 que \u00absi en el Mariano y Luciano no tuvimos muertos por Covid entre los trabajadores de la salud es porque se lo debemos a Jos\u00e9\u00bb  ya que \u00abestuvo siempre\u00bb<\/p>\n\n\n\n<figure class=\"wp-block-gallery columns-2 is-cropped wp-block-gallery-1 is-layout-flex wp-block-gallery-is-layout-flex\"><ul class=\"blocks-gallery-grid\"><li class=\"blocks-gallery-item\"><figure><img loading=\"lazy\" decoding=\"async\" width=\"720\" height=\"540\" src=\"https:\/\/morenoprimero.com.ar\/wp-content\/uploads\/2021\/03\/jj.jpg\" alt=\"\" data-id=\"10220\" data-full-url=\"https:\/\/morenoprimero.com.ar\/wp-content\/uploads\/2021\/03\/jj.jpg\" data-link=\"https:\/\/morenoprimero.com.ar\/?attachment_id=10220\" class=\"wp-image-10220\" srcset=\"https:\/\/morenoprimero.com.ar\/archivo\/wp-content\/uploads\/2021\/03\/jj.jpg 720w, https:\/\/morenoprimero.com.ar\/archivo\/wp-content\/uploads\/2021\/03\/jj-300x225.jpg 300w\" sizes=\"auto, (max-width: 720px) 100vw, 720px\" \/><\/figure><\/li><li class=\"blocks-gallery-item\"><figure><img loading=\"lazy\" decoding=\"async\" width=\"720\" height=\"960\" src=\"https:\/\/morenoprimero.com.ar\/wp-content\/uploads\/2021\/03\/jj1.jpg\" alt=\"\" data-id=\"10221\" data-full-url=\"https:\/\/morenoprimero.com.ar\/wp-content\/uploads\/2021\/03\/jj1.jpg\" data-link=\"https:\/\/morenoprimero.com.ar\/?attachment_id=10221\" class=\"wp-image-10221\" srcset=\"https:\/\/morenoprimero.com.ar\/archivo\/wp-content\/uploads\/2021\/03\/jj1.jpg 720w, https:\/\/morenoprimero.com.ar\/archivo\/wp-content\/uploads\/2021\/03\/jj1-225x300.jpg 225w\" sizes=\"auto, (max-width: 720px) 100vw, 720px\" \/><\/figure><\/li><\/ul><\/figure>\n\n\n\n<h4 class=\"wp-block-heading\">COMUNICADO DEL HOSPITAL MARIANO Y LUCIANO DE LA VEGA<\/h4>\n\n\n\n<p>En el d\u00eda de ayer recibimos la triste noticia del fallecimiento de Jos\u00e9 Jopia, mucho m\u00e1s que Licenciado en Enfermer\u00eda del Hospital Mariano y Luciano de la Vega de Moreno. Todos los d\u00edas vamos a recordar a Jos\u00e9 por su compromiso con la salud p\u00fablica y con el Hospital. <br>  Un claro ejemplo de compa\u00f1erismo y amor por su profesi\u00f3n, la enfermer\u00eda. Basta con citar las palabras de cari\u00f1o y respeto con que las\/os compa\u00f1eras\/os lo piensan y sienten en este momento tan dif\u00edcil.<br>  \u201cCuando una persona, profesional y trabajador de la talla de Jos\u00e9 se va, no tenemos otra opci\u00f3n que honrarlo y homenajearlo de por vida\u201d, \u201cuna gran persona y el mejor amigo\u201d, \u201csiempre dando m\u00e1s por el hospital de lo que correspond\u00eda\u201d, \u201cdispuesto a ayudar, de coraz\u00f3n humilde y amable\u201d, \u201ccompa\u00f1ero de lucha, comprometido como pocos, dando la vida en todo lo que hizo\u201d, \u201ccuidando a cada uno de nosotros como equipo y a cada uno de los pacientes\u201d, \u201cun hombre de bien, trabajador, velando por el hospital y por todos\u201d, \u201cel mejor honor que podemos hacerle es nunca olvidar sus ense\u00f1anzas\u201d.<br> Desde comienzos de la pandemia, Jos\u00e9 se dedic\u00f3 a capacitar al personal de salud en todo lo referido al nuevo coronavirus y las maneras de cuidado y prevenci\u00f3n para no contraer la enfermedad. Supo contener a todos aquellos que se han contagiado y hacer seguimiento estricto cuidando de cada uno de nosotros y nosotras. <br>  Su calidez y capacidad organizativa fue tan importante que junto a un gran equipo constituy\u00f3 de manera eficaz el Vacunatorio contra Covid-19 del Hospital. D\u00edas y noches pas\u00f3 Jos\u00e9 en el Hospital mostrando una y otra vez el fuerte compromiso con nosotras\/os sus compa\u00f1eras\/os y con la poblaci\u00f3n ya que ten\u00eda la firme convicci\u00f3n que la salud p\u00fablica es la herramienta fundamental para garantizar el derecho a la salud de todas las personas.<br>   Es por esto y por much\u00edsimo m\u00e1s que Jopia, el gordo, el grandote, el vacunador seguir\u00e1 vivo en la memoria de cada compa\u00f1era y compa\u00f1ero del Hospital Mariano y Luciano de la Vega.Jos\u00e9 se nos va f\u00edsicamente pero perdurar\u00e1 eternamente en los corazones de todas\/os las\/os que tuvimos la hermosa oportunidad de conocerlo. Rind\u00e1mosle tributo en mantenernos unidas\/os y ayud\u00e1ndonos para estar bien como siempre \u00e9l lo quiso.<br> Fuerte abrazo a su familia, amigos y amigas. Hasta siempre compa\u00f1ero Jos\u00e9 Jopia, que descanses en paz.<\/p>\n","protected":false},"excerpt":{"rendered":"<p>El enfermero, referente del Comit\u00e9 de Control y Prevenci\u00f3n de Infecciones que funciona en el Hospital de Moreno, era muy querido por la comunidad del Mariano y Luciano de la Vega. Emmanuel \u00c1lvarez coment\u00f3 a trav\u00e9s de las redes sociales &hellip; <a href=\"https:\/\/morenoprimero.com.ar\/archivo\/conmocion-en-moreno-por-la-muerte-de-un-medico\/\">Sigue leyendo <span class=\"meta-nav\">&rarr;<\/span><\/a><\/p>\n","protected":false},"author":6,"featured_media":10224,"comment_status":"open","ping_status":"open","sticky":false,"template":"","format":"standard","meta":{"footnotes":""},"categories":[20],"tags":[1876,139],"class_list":["post-10216","post","type-post","status-publish","format-standard","has-post-thumbnail","hentry","category-sociedad","tag-director-emmanuel-alvarez","tag-hospital-mariano-y-luciano-de-la-vega"],"_links":{"self":[{"href":"https:\/\/morenoprimero.com.ar\/archivo\/wp-json\/wp\/v2\/posts\/10216","targetHints":{"allow":["GET"]}}],"collection":[{"href":"https:\/\/morenoprimero.com.ar\/archivo\/wp-json\/wp\/v2\/posts"}],"about":[{"href":"https:\/\/morenoprimero.com.ar\/archivo\/wp-json\/wp\/v2\/types\/post"}],"author":[{"embeddable":true,"href":"https:\/\/morenoprimero.com.ar\/archivo\/wp-json\/wp\/v2\/users\/6"}],"replies":[{"embeddable":true,"href":"https:\/\/morenoprimero.com.ar\/archivo\/wp-json\/wp\/v2\/comments?post=10216"}],"version-history":[{"count":4,"href":"https:\/\/morenoprimero.com.ar\/archivo\/wp-json\/wp\/v2\/posts\/10216\/revisions"}],"predecessor-version":[{"id":10233,"href":"https:\/\/morenoprimero.com.ar\/archivo\/wp-json\/wp\/v2\/posts\/10216\/revisions\/10233"}],"wp:featuredmedia":[{"embeddable":true,"href":"https:\/\/morenoprimero.com.ar\/archivo\/wp-json\/wp\/v2\/media\/10224"}],"wp:attachment":[{"href":"https:\/\/morenoprimero.com.ar\/archivo\/wp-json\/wp\/v2\/media?parent=10216"}],"wp:term":[{"taxonomy":"category","embeddable":true,"href":"https:\/\/morenoprimero.com.ar\/archivo\/wp-json\/wp\/v2\/categories?post=10216"},{"taxonomy":"post_tag","embeddable":true,"href":"https:\/\/morenoprimero.com.ar\/archivo\/wp-json\/wp\/v2\/tags?post=10216"}],"curies":[{"name":"wp","href":"https:\/\/api.w.org\/{rel}","templated":true}]}}