{"id":1019,"date":"2020-08-07T10:20:00","date_gmt":"2020-08-07T10:20:00","guid":{"rendered":"https:\/\/morenoprimero.com.ar\/?p=1019"},"modified":"2020-08-07T13:23:53","modified_gmt":"2020-08-07T13:23:53","slug":"7-de-agosto-dia-de-san-cayetano-el-santo-con-mas-devocion-popular-en-argentina","status":"publish","type":"post","link":"https:\/\/morenoprimero.com.ar\/archivo\/7-de-agosto-dia-de-san-cayetano-el-santo-con-mas-devocion-popular-en-argentina\/","title":{"rendered":"7 DE AGOSTO, D\u00cdA DE SAN CAYETANO: EL SANTO CON M\u00c1S DEVOCI\u00d3N POPULAR EN ARGENTINA"},"content":{"rendered":"\n<p>  Cayetano de&nbsp;Thiene&nbsp;naci\u00f3 en Vicenza, al norte de Italia, el 1ero de octubre de 1480 en el seno de una ilustre familia. Estudi\u00f3 abogac\u00eda hasta ordenarse como sacerdote. Fue un noble vicentino que atraves\u00f3 su vida distribuyendo sus riquezas y haciendo caridad con los m\u00e1s necesitados. Fund\u00f3 la Orden de los Cl\u00e9rigos Regulares, llamados Teatinos. En el a\u00f1o 1524 fund\u00f3 la orden de los Teatinos. En 1670 el Papa Clemente X lo canoniz\u00f3 y paso a conocerse como el Santo de la Providencia, Patrono del pan y del trabajo.&nbsp;<\/p>\n\n\n\n<p>&nbsp; <strong>Todos los 7 de agosto, d\u00eda de su fallecimiento, se conmemora el d\u00eda de San Cayetano. Es el santo con m\u00e1s devoci\u00f3n popular en Argentina.<\/strong> Miles de personas celebran el d\u00eda de San Cayetano pidiendo trabajo o agradeciendo el mismo. La celebraci\u00f3n m\u00e1s conocida es en el santuario de Liniers.&nbsp;<\/p>\n\n\n\n<p>El contexto siempre marca el sentido de la celebraci\u00f3n que var\u00eda en mayor o menor medida de un a\u00f1o a otro. Este a\u00f1o la diferencia es notoria respecto a la anterior.&nbsp;<\/p>\n\n\n\n<p>&nbsp; &nbsp;<strong>El a\u00f1o pasado, la celebraci\u00f3n de San Cayetano congreg\u00f3 a los movimientos sociales en el Congreso, quienes criticaron  el momento econ\u00f3mico que atravesaba el pa\u00eds, tras cuatro a\u00f1os de pol\u00edticas de ajuste y de hambr<\/strong>e.&nbsp;&nbsp;<\/p>\n\n\n\n<p>&nbsp; <strong>Este a\u00f1o, la situaci\u00f3n sigue siendo cr\u00edtica. Ya no por pol\u00edticas de ajuste y hambre, sino por las secuelas que dejaron, con el agravante de la pandemia de Covid-19.<\/strong> En un contexto de aislamiento social y preventivo, diferentes organizaciones sociales organizaran un encuentro virtual. As\u00ed lo inform\u00f3 T\u00e9lam:&nbsp;<\/p>\n\n\n\n<blockquote class=\"wp-block-quote is-layout-flow wp-block-quote-is-layout-flow\"><p>&nbsp;&nbsp;Distintos referentes de los movimientos sociales compartir\u00e1n el pr\u00f3ximo viernes, d\u00eda de San Cayetano, patrono del pan y del trabajo, una jornada virtual en la cual respaldar\u00e1n \u00ablas pol\u00edticas de lucha contra el hambre, la generaci\u00f3n de trabajo genuino y la disputa por el derecho a la tierra\u00bb, y se brindar\u00e1 \u00abun reconocimiento al presidente Alberto Fern\u00e1ndez por su compromiso con los que menos tienen\u00bb.&nbsp;<\/p><\/blockquote>\n","protected":false},"excerpt":{"rendered":"<p>Cayetano de&nbsp;Thiene&nbsp;naci\u00f3 en Vicenza, al norte de Italia, el 1ero de octubre de 1480 en el seno de una ilustre familia. Estudi\u00f3 abogac\u00eda hasta ordenarse como sacerdote. Fue un noble vicentino que atraves\u00f3 su vida distribuyendo sus riquezas y haciendo &hellip; <a href=\"https:\/\/morenoprimero.com.ar\/archivo\/7-de-agosto-dia-de-san-cayetano-el-santo-con-mas-devocion-popular-en-argentina\/\">Sigue leyendo <span class=\"meta-nav\">&rarr;<\/span><\/a><\/p>\n","protected":false},"author":6,"featured_media":1027,"comment_status":"open","ping_status":"open","sticky":false,"template":"","format":"standard","meta":{"footnotes":""},"categories":[21,20],"tags":[371,370],"class_list":["post-1019","post","type-post","status-publish","format-standard","has-post-thumbnail","hentry","category-interes-general","category-sociedad","tag-efemeride","tag-san-cayetano"],"_links":{"self":[{"href":"https:\/\/morenoprimero.com.ar\/archivo\/wp-json\/wp\/v2\/posts\/1019","targetHints":{"allow":["GET"]}}],"collection":[{"href":"https:\/\/morenoprimero.com.ar\/archivo\/wp-json\/wp\/v2\/posts"}],"about":[{"href":"https:\/\/morenoprimero.com.ar\/archivo\/wp-json\/wp\/v2\/types\/post"}],"author":[{"embeddable":true,"href":"https:\/\/morenoprimero.com.ar\/archivo\/wp-json\/wp\/v2\/users\/6"}],"replies":[{"embeddable":true,"href":"https:\/\/morenoprimero.com.ar\/archivo\/wp-json\/wp\/v2\/comments?post=1019"}],"version-history":[{"count":3,"href":"https:\/\/morenoprimero.com.ar\/archivo\/wp-json\/wp\/v2\/posts\/1019\/revisions"}],"predecessor-version":[{"id":1032,"href":"https:\/\/morenoprimero.com.ar\/archivo\/wp-json\/wp\/v2\/posts\/1019\/revisions\/1032"}],"wp:featuredmedia":[{"embeddable":true,"href":"https:\/\/morenoprimero.com.ar\/archivo\/wp-json\/wp\/v2\/media\/1027"}],"wp:attachment":[{"href":"https:\/\/morenoprimero.com.ar\/archivo\/wp-json\/wp\/v2\/media?parent=1019"}],"wp:term":[{"taxonomy":"category","embeddable":true,"href":"https:\/\/morenoprimero.com.ar\/archivo\/wp-json\/wp\/v2\/categories?post=1019"},{"taxonomy":"post_tag","embeddable":true,"href":"https:\/\/morenoprimero.com.ar\/archivo\/wp-json\/wp\/v2\/tags?post=1019"}],"curies":[{"name":"wp","href":"https:\/\/api.w.org\/{rel}","templated":true}]}}