{"id":1004,"date":"2020-08-06T12:31:54","date_gmt":"2020-08-06T12:31:54","guid":{"rendered":"https:\/\/morenoprimero.com.ar\/?p=1004"},"modified":"2020-08-06T12:31:54","modified_gmt":"2020-08-06T12:31:54","slug":"la-linea-sarmiento-retoma-su-servicio","status":"publish","type":"post","link":"https:\/\/morenoprimero.com.ar\/archivo\/la-linea-sarmiento-retoma-su-servicio\/","title":{"rendered":"LA L\u00cdNEA SARMIENTO RETOMA SU SERVICIO"},"content":{"rendered":"\n<h2 class=\"wp-block-heading\">La L\u00ednea Sarmiento restablece su servicio durante la tarde y funcionar\u00e1 hasta las 21<\/h2>\n\n\n\n<p>Buenos Aires, 6 de agosto de 2020.- Trenes Argentinos comunica que el servicio de la l\u00ednea Sarmiento logr\u00f3 ser restablecido en el horario de la tarde luego de la aplicaci\u00f3n de protocolo COVID y <strong>desde hoy jueves funcionar\u00e1 hasta las 21<\/strong>. Tras un fuerte trabajo del personal jer\u00e1rquico y la predisposici\u00f3n del personal de Transporte de otras l\u00edneas que se capacit\u00f3 hasta esta madrugada, <strong>se logr\u00f3 la regularizaci\u00f3n del servicio, que no hab\u00eda podido brindarse con normalidad desde el fin de semana por los empleados que se encontraban afectado por la enfermedad..<\/strong><\/p>\n\n\n\n<p><strong>De esta manera, este jueves el servicio se prestar\u00e1 de acuerdo al diagrama habitual de un tren cada 10 minutos en los horarios pico de la ma\u00f1ana y la tarde; con el \u00faltimo tren desde Once cerca de las 21.<\/strong><\/p>\n\n\n\n<p>El titular de Trenes Argentinos, Mart\u00edn Marinucci, dijo que \u201cgracias al esfuerzo que viene realizando el personal jer\u00e1rquico operando y capacitando, logramos el restablecimiento del servicio. Mi agradecimiento a ellos y al personal superior de otras l\u00edneas que prestaron su colaboraci\u00f3n para sacar adelante esta situaci\u00f3n. <strong>El COVID viene afectando a todos y nuestros trabajadores no est\u00e1n exentos porque son parte de ese todo<\/strong>\u201d.<\/p>\n\n\n\n<p>\u201c<strong>Nuestro principal objetivo es cuidar a nuestros personal y garantizar el servicio de manera responsable. <\/strong>Mi agradecimiento adem\u00e1s al ministro Meoni por el constante acompa\u00f1amiento y poner todos los instrumentos del ministerio de Transporte para buscar el paliativo para generar el menor impacto en los trabajadores que usan los trenes\u201d, dijo Marinucci<\/p>\n\n\n\n<p>Un total de doce trabajadores dieron positivo para la enfermedad en el Puesto Control Trenes y los contactos estrechos permanecen aislados, por esto,<strong> la empresa se vio obligada desde este lunes a brindar un diagrama de emergencia para cubrir la hora pico de la ma\u00f1ana -entre las 0 y las 10 &#8211; con empleados jer\u00e1rquicos.<\/strong><\/p>\n\n\n\n<p><strong>Desde ese d\u00eda, se dispuso personal que cumple la misma tarea en otras l\u00edneas, a una fuerte capacitaci\u00f3n sobre la operaci\u00f3n de la l\u00ednea Sarmiento y se logr\u00f3 esta madrugada gracias a la readecuaci\u00f3n de diagramas poder cubrir el turno de la tard<\/strong>e.<\/p>\n\n\n\n<p>El Ministerio de Transporte de la Naci\u00f3n continuar\u00e1 con la prestaci\u00f3n del servicio de micros de apoyo en las estaciones para trasladar a todos los usuarios y usuarias de la l\u00ednea que une Once con Moreno.<\/p>\n\n\n\n<p>Desde Trenes Argentinos se agradece y se contin\u00faa apelando a la responsabilidad individual de cada uno de sus pasajeros y pasajeras para evitar las aglomeraciones en el transporte p\u00fablico debido a la in\u00e9dita situaci\u00f3n que atraviesa el pa\u00eds y el mundo como consecuencia de la pandemia.<\/p>\n","protected":false},"excerpt":{"rendered":"<p>La L\u00ednea Sarmiento restablece su servicio durante la tarde y funcionar\u00e1 hasta las 21 Buenos Aires, 6 de agosto de 2020.- Trenes Argentinos comunica que el servicio de la l\u00ednea Sarmiento logr\u00f3 ser restablecido en el horario de la tarde &hellip; <a href=\"https:\/\/morenoprimero.com.ar\/archivo\/la-linea-sarmiento-retoma-su-servicio\/\">Sigue leyendo <span class=\"meta-nav\">&rarr;<\/span><\/a><\/p>\n","protected":false},"author":6,"featured_media":901,"comment_status":"open","ping_status":"open","sticky":false,"template":"","format":"standard","meta":{"footnotes":""},"categories":[21,20],"tags":[173,348],"class_list":["post-1004","post","type-post","status-publish","format-standard","has-post-thumbnail","hentry","category-interes-general","category-sociedad","tag-linea-sarmiento","tag-protocolo-covid-19"],"_links":{"self":[{"href":"https:\/\/morenoprimero.com.ar\/archivo\/wp-json\/wp\/v2\/posts\/1004","targetHints":{"allow":["GET"]}}],"collection":[{"href":"https:\/\/morenoprimero.com.ar\/archivo\/wp-json\/wp\/v2\/posts"}],"about":[{"href":"https:\/\/morenoprimero.com.ar\/archivo\/wp-json\/wp\/v2\/types\/post"}],"author":[{"embeddable":true,"href":"https:\/\/morenoprimero.com.ar\/archivo\/wp-json\/wp\/v2\/users\/6"}],"replies":[{"embeddable":true,"href":"https:\/\/morenoprimero.com.ar\/archivo\/wp-json\/wp\/v2\/comments?post=1004"}],"version-history":[{"count":1,"href":"https:\/\/morenoprimero.com.ar\/archivo\/wp-json\/wp\/v2\/posts\/1004\/revisions"}],"predecessor-version":[{"id":1005,"href":"https:\/\/morenoprimero.com.ar\/archivo\/wp-json\/wp\/v2\/posts\/1004\/revisions\/1005"}],"wp:featuredmedia":[{"embeddable":true,"href":"https:\/\/morenoprimero.com.ar\/archivo\/wp-json\/wp\/v2\/media\/901"}],"wp:attachment":[{"href":"https:\/\/morenoprimero.com.ar\/archivo\/wp-json\/wp\/v2\/media?parent=1004"}],"wp:term":[{"taxonomy":"category","embeddable":true,"href":"https:\/\/morenoprimero.com.ar\/archivo\/wp-json\/wp\/v2\/categories?post=1004"},{"taxonomy":"post_tag","embeddable":true,"href":"https:\/\/morenoprimero.com.ar\/archivo\/wp-json\/wp\/v2\/tags?post=1004"}],"curies":[{"name":"wp","href":"https:\/\/api.w.org\/{rel}","templated":true}]}}